{"id":1504,"date":"2015-12-11T20:10:56","date_gmt":"2015-12-11T20:10:56","guid":{"rendered":"http:\/\/centralmedia.rs\/?p=1504"},"modified":"2015-12-11T20:10:56","modified_gmt":"2015-12-11T20:10:56","slug":"pocelo-uredenje-velike-sale","status":"publish","type":"post","link":"https:\/\/centralmedia.rs\/index.php\/2015\/12\/11\/pocelo-uredenje-velike-sale\/","title":{"rendered":"PO\u010cELO URE\u0110ENJE VELIKE SALE?"},"content":{"rendered":"<p>JAGODINA-U protekla dva dana JKP Standard i PWW izneli su vi\u0161e od 30 kubika otpada iz velike sale Kulturnog centra u Jagodini, ka\u017eu zaposleni u tim komunalnim preduze\u0107ima. Iseljen je i jedan ,,divlji stanovnik\u201d, koji se odoma\u0107io u sali. Na prolaze tog objekta postavljene su jake metalne re\u0161etke, kako bi se spre\u010dio upad ilegalaca i ne\u017eeljenih lica.<br \/>\n<a href=\"https:\/\/centralmedia.rs\/wp-content\/uploads\/2015\/12\/kanta-jagodina-g.j..jpg\" rel=\"attachment wp-att-1506\"><img loading=\"lazy\" decoding=\"async\" src=\"https:\/\/centralmedia.rs\/wp-content\/uploads\/2015\/12\/kanta-jagodina-g.j.-300x199.jpg\" alt=\"kanta-jagodina-g.j.\" width=\"300\" height=\"199\" class=\"alignnone size-medium wp-image-1506\" srcset=\"https:\/\/centralmedia.rs\/wp-content\/uploads\/2015\/12\/kanta-jagodina-g.j.-300x199.jpg 300w, https:\/\/centralmedia.rs\/wp-content\/uploads\/2015\/12\/kanta-jagodina-g.j.-768x509.jpg 768w, https:\/\/centralmedia.rs\/wp-content\/uploads\/2015\/12\/kanta-jagodina-g.j..jpg 900w\" sizes=\"(max-width: 300px) 100vw, 300px\" \/><\/a><br \/>\n  Da li je, najzad, posle petnaestak godina po\u010delo sre\u0111ivanje tog, sada ve\u0107, devastiranog objekta prepu\u0161tenog zubu vremena i sumnjivim tipovima, niko od odgovornih iz nadle\u017ene institucije nije \u017eeleo da ka\u017ee. I to \u0107utanje je jasan odgovor za javnost.<br \/>\n<a href=\"https:\/\/centralmedia.rs\/wp-content\/uploads\/2015\/12\/kanta-1-jagodina-g.j..jpg\" rel=\"attachment wp-att-1507\"><img loading=\"lazy\" decoding=\"async\" src=\"https:\/\/centralmedia.rs\/wp-content\/uploads\/2015\/12\/kanta-1-jagodina-g.j.-300x216.jpg\" alt=\"kanta 1-jagodina-g.j.\" width=\"300\" height=\"216\" class=\"alignnone size-medium wp-image-1507\" srcset=\"https:\/\/centralmedia.rs\/wp-content\/uploads\/2015\/12\/kanta-1-jagodina-g.j.-300x216.jpg 300w, https:\/\/centralmedia.rs\/wp-content\/uploads\/2015\/12\/kanta-1-jagodina-g.j.-768x552.jpg 768w, https:\/\/centralmedia.rs\/wp-content\/uploads\/2015\/12\/kanta-1-jagodina-g.j..jpg 900w\" sizes=\"(max-width: 300px) 100vw, 300px\" \/><\/a><br \/>\nZarad generacija koje su u velikoj sali uz filmove i koncerte stasavale, kao i budu\u0107ih generacija, potrebno je da radnici u kulturi jasno ka\u017eu kakva je budu\u0107nost tog objekta. To je njihova obaveza prema javnosti, jer se finansiraju iz lokalnog bud\u017eeta koji preko poreza pune gra\u0111ani Jagodine.<br \/>\n<a href=\"https:\/\/centralmedia.rs\/wp-content\/uploads\/2015\/12\/kanta-2-jagodina-g.j..jpg\" rel=\"attachment wp-att-1508\"><img loading=\"lazy\" decoding=\"async\" src=\"https:\/\/centralmedia.rs\/wp-content\/uploads\/2015\/12\/kanta-2-jagodina-g.j.-300x225.jpg\" alt=\"kanta 2-jagodina-g.j.\" width=\"300\" height=\"225\" class=\"alignnone size-medium wp-image-1508\" srcset=\"https:\/\/centralmedia.rs\/wp-content\/uploads\/2015\/12\/kanta-2-jagodina-g.j.-300x225.jpg 300w, https:\/\/centralmedia.rs\/wp-content\/uploads\/2015\/12\/kanta-2-jagodina-g.j.-768x576.jpg 768w, https:\/\/centralmedia.rs\/wp-content\/uploads\/2015\/12\/kanta-2-jagodina-g.j.-80x60.jpg 80w, https:\/\/centralmedia.rs\/wp-content\/uploads\/2015\/12\/kanta-2-jagodina-g.j.-265x198.jpg 265w, https:\/\/centralmedia.rs\/wp-content\/uploads\/2015\/12\/kanta-2-jagodina-g.j..jpg 900w\" sizes=\"(max-width: 300px) 100vw, 300px\" \/><\/a><\/p>\n","protected":false},"excerpt":{"rendered":"<p>JAGODINA-U protekla dva dana JKP Standard i PWW izneli su vi\u0161e od 30 kubika otpada iz velike sale Kulturnog centra u Jagodini, ka\u017eu zaposleni u &hellip; <\/p>\n","protected":false},"author":4,"featured_media":1505,"comment_status":"open","ping_status":"open","sticky":false,"template":"","format":"standard","meta":{"footnotes":""},"categories":[2,15,12],"tags":[58,342,341],"_links":{"self":[{"href":"https:\/\/centralmedia.rs\/index.php\/wp-json\/wp\/v2\/posts\/1504"}],"collection":[{"href":"https:\/\/centralmedia.rs\/index.php\/wp-json\/wp\/v2\/posts"}],"about":[{"href":"https:\/\/centralmedia.rs\/index.php\/wp-json\/wp\/v2\/types\/post"}],"author":[{"embeddable":true,"href":"https:\/\/centralmedia.rs\/index.php\/wp-json\/wp\/v2\/users\/4"}],"replies":[{"embeddable":true,"href":"https:\/\/centralmedia.rs\/index.php\/wp-json\/wp\/v2\/comments?post=1504"}],"version-history":[{"count":0,"href":"https:\/\/centralmedia.rs\/index.php\/wp-json\/wp\/v2\/posts\/1504\/revisions"}],"wp:featuredmedia":[{"embeddable":true,"href":"https:\/\/centralmedia.rs\/index.php\/wp-json\/wp\/v2\/media\/1505"}],"wp:attachment":[{"href":"https:\/\/centralmedia.rs\/index.php\/wp-json\/wp\/v2\/media?parent=1504"}],"wp:term":[{"taxonomy":"category","embeddable":true,"href":"https:\/\/centralmedia.rs\/index.php\/wp-json\/wp\/v2\/categories?post=1504"},{"taxonomy":"post_tag","embeddable":true,"href":"https:\/\/centralmedia.rs\/index.php\/wp-json\/wp\/v2\/tags?post=1504"}],"curies":[{"name":"wp","href":"https:\/\/api.w.org\/{rel}","templated":true}]}}