{"id":15066,"date":"2018-11-23T16:41:51","date_gmt":"2018-11-23T16:41:51","guid":{"rendered":"http:\/\/centralmedia.rs\/?p=15066"},"modified":"2018-11-28T09:09:35","modified_gmt":"2018-11-28T09:09:35","slug":"policija-radi-na-rasvetljavanju-dogadaja-brutalno-prebijen-bracni-par-u-trznom-centru-vivo-u-jagodini","status":"publish","type":"post","link":"https:\/\/centralmedia.rs\/index.php\/2018\/11\/23\/policija-radi-na-rasvetljavanju-dogadaja-brutalno-prebijen-bracni-par-u-trznom-centru-vivo-u-jagodini\/","title":{"rendered":"POLICIJA RADI NA RASVETLJAVANJU DOGA\u0110AJA &#8211; BRUTALNO PREBIJEN BRA\u010cNI PAR U TR\u017dNOM CENTRU VIVO U JAGODINI"},"content":{"rendered":"<p>JAGODINA- Nasilnik je prebio u utorak oko 18.30 bra\u010dni par u tr\u017enom centru Vivo u Jagodini i pobegao sa lica mesta, potvr\u0111eno je u policiji. Policija radi na rasvetljavanju \u010dinjenica vezanih ovaj doga\u0111aj.<\/p>\n<p>&#8211; Deca niskog kalendarskog uzrasta maltretirala su psa, \u0161utirali su ga i udarali. Pas je \u0161etao uz bra\u010dni par, regovala je vlasnica psa i upozorila majku na pona\u0161anje dece. Pretpostavlja se da je majka dece pozvala supruga, dok je bra\u010dni par nastavio \u0161etnju tr\u017enim centrom Vivo. Suprug, za sada policiji nepoznati mu\u0161karac, je oko 18.30 u utorak prona\u0161ao bra\u010dni par sa psom i brutalno ih pretukao nao\u010digled svih posetioca i obezbe\u0111enja tr\u017enog centra. Sve su snimile kamere okolnih radnji. Tragi\u010dno je bilo za gledanje, prvo je napao mu\u0161karca, prvim udarcem ga nokautirao, a zatim ga \u0161utirao, \u017eenu je bacao kao ping pon lopticu po trotoaru. Bilo je tragi\u010dno za gledanje. Nepoznati mu\u0161karac za tim je seo u svoj d\u017eip i udaljio se iz tr\u017enog centra. Ono \u0161to dodatno uznemirava niko od vi\u0161e desetina prisutnih gra\u0111ana nije pri\u0161ao da pomogne bra\u010dnom paru, ka\u017eu upu\u0107eni u ovaj slu\u010daj.<\/p>\n<p>Pretpostavlja se je nepoznati mu\u0161karac, lice koje je osu\u0111ivno zbog te\u0161kih krivi\u010dnih dela. U Jagodini besni rat zara\u0107enih kriminalnih klanova, koji je odneo \u017ertve, ima ranjenih,me\u0111utim nema krivaca, pa sada i nedu\u017eni isp\u0161ataju.<\/p>\n","protected":false},"excerpt":{"rendered":"<p>JAGODINA- Nasilnik je prebio u utorak oko 18.30 bra\u010dni par u tr\u017enom centru Vivo u Jagodini i pobegao sa lica mesta, potvr\u0111eno je u policiji. &hellip; <\/p>\n","protected":false},"author":2,"featured_media":13881,"comment_status":"open","ping_status":"open","sticky":false,"template":"","format":"standard","meta":{"footnotes":""},"categories":[1524,20,2,1514,12],"tags":[3307,3308,3309,3310,3311],"_links":{"self":[{"href":"https:\/\/centralmedia.rs\/index.php\/wp-json\/wp\/v2\/posts\/15066"}],"collection":[{"href":"https:\/\/centralmedia.rs\/index.php\/wp-json\/wp\/v2\/posts"}],"about":[{"href":"https:\/\/centralmedia.rs\/index.php\/wp-json\/wp\/v2\/types\/post"}],"author":[{"embeddable":true,"href":"https:\/\/centralmedia.rs\/index.php\/wp-json\/wp\/v2\/users\/2"}],"replies":[{"embeddable":true,"href":"https:\/\/centralmedia.rs\/index.php\/wp-json\/wp\/v2\/comments?post=15066"}],"version-history":[{"count":2,"href":"https:\/\/centralmedia.rs\/index.php\/wp-json\/wp\/v2\/posts\/15066\/revisions"}],"predecessor-version":[{"id":15072,"href":"https:\/\/centralmedia.rs\/index.php\/wp-json\/wp\/v2\/posts\/15066\/revisions\/15072"}],"wp:featuredmedia":[{"embeddable":true,"href":"https:\/\/centralmedia.rs\/index.php\/wp-json\/wp\/v2\/media\/13881"}],"wp:attachment":[{"href":"https:\/\/centralmedia.rs\/index.php\/wp-json\/wp\/v2\/media?parent=15066"}],"wp:term":[{"taxonomy":"category","embeddable":true,"href":"https:\/\/centralmedia.rs\/index.php\/wp-json\/wp\/v2\/categories?post=15066"},{"taxonomy":"post_tag","embeddable":true,"href":"https:\/\/centralmedia.rs\/index.php\/wp-json\/wp\/v2\/tags?post=15066"}],"curies":[{"name":"wp","href":"https:\/\/api.w.org\/{rel}","templated":true}]}}