{"id":15081,"date":"2018-11-24T01:03:20","date_gmt":"2018-11-24T01:03:20","guid":{"rendered":"http:\/\/centralmedia.rs\/?p=15081"},"modified":"2018-11-28T09:03:01","modified_gmt":"2018-11-28T09:03:01","slug":"izlozba-privreda-paracina-od-mlina-do-industrije","status":"publish","type":"post","link":"https:\/\/centralmedia.rs\/index.php\/2018\/11\/24\/izlozba-privreda-paracina-od-mlina-do-industrije\/","title":{"rendered":"IZLO\u017dBA  PRIVREDA PARA\u0106INA ,,OD MLINA DO INDUSTRIJE&#8221;"},"content":{"rendered":"<p>PARA\u0106IN- Izlo\u017eba Privreda Para\u0107ina ,,Od mlina do industrije &#8211; se\u0107anje za optimisti\u010dku budu\u0107nost&#8221; otvorena je u novom Kulturnom centru. Autori izlo\u017ebe su Hristina Miki\u0107 i Estela Radonji\u0107- \u017divkov, organziator Zavi\u010dajni muzej uz finansisjku podr\u0161ku Ministarstva kulture, CRH i op\u0161tine Para\u0107in.<\/p>\n<p><img loading=\"lazy\" decoding=\"async\" class=\"alignnone wp-image-15083 size-full\" src=\"http:\/\/centralmedia.rs\/wp-content\/uploads\/2018\/11\/izlozba1.jpg\" alt=\"\" width=\"960\" height=\"960\" srcset=\"https:\/\/centralmedia.rs\/wp-content\/uploads\/2018\/11\/izlozba1.jpg 960w, https:\/\/centralmedia.rs\/wp-content\/uploads\/2018\/11\/izlozba1-150x150.jpg 150w, https:\/\/centralmedia.rs\/wp-content\/uploads\/2018\/11\/izlozba1-300x300.jpg 300w, https:\/\/centralmedia.rs\/wp-content\/uploads\/2018\/11\/izlozba1-768x768.jpg 768w, https:\/\/centralmedia.rs\/wp-content\/uploads\/2018\/11\/izlozba1-420x420.jpg 420w, https:\/\/centralmedia.rs\/wp-content\/uploads\/2018\/11\/izlozba1-640x640.jpg 640w, https:\/\/centralmedia.rs\/wp-content\/uploads\/2018\/11\/izlozba1-681x681.jpg 681w\" sizes=\"(max-width: 960px) 100vw, 960px\" \/><\/p>\n<p>-Izlo\u017eba je va\u017ena za grad, izlazimo van muzeja. izlo\u017eba \u0107e bioti postavljena na platou u centru grada od 24.11 do 24.12. i svi prolaznici \u0107e mo\u0107i da skinu aplikaciju, aktiviraju pro\u0161irenu stvarnost i vide izlo\u017ebu, rekao je direktor Zavi\u010dajnog muzeja Branislav Stojanovi\u0107.<\/p>\n<p>Spoj istorije i savremene tehnologije \u00a0bi\u0107e vidljiv kroz prekalpanje sliek sada\u0161njeg i nekada\u0161njeg izgleda Para\u0107ina.<\/p>\n","protected":false},"excerpt":{"rendered":"<p>PARA\u0106IN- Izlo\u017eba Privreda Para\u0107ina ,,Od mlina do industrije &#8211; se\u0107anje za optimisti\u010dku budu\u0107nost&#8221; otvorena je u novom Kulturnom centru. Autori izlo\u017ebe su Hristina Miki\u0107 i &hellip; <\/p>\n","protected":false},"author":2,"featured_media":15082,"comment_status":"open","ping_status":"open","sticky":false,"template":"","format":"standard","meta":{"footnotes":""},"categories":[1524,2,15,1516,12],"tags":[649,156,1929],"_links":{"self":[{"href":"https:\/\/centralmedia.rs\/index.php\/wp-json\/wp\/v2\/posts\/15081"}],"collection":[{"href":"https:\/\/centralmedia.rs\/index.php\/wp-json\/wp\/v2\/posts"}],"about":[{"href":"https:\/\/centralmedia.rs\/index.php\/wp-json\/wp\/v2\/types\/post"}],"author":[{"embeddable":true,"href":"https:\/\/centralmedia.rs\/index.php\/wp-json\/wp\/v2\/users\/2"}],"replies":[{"embeddable":true,"href":"https:\/\/centralmedia.rs\/index.php\/wp-json\/wp\/v2\/comments?post=15081"}],"version-history":[{"count":1,"href":"https:\/\/centralmedia.rs\/index.php\/wp-json\/wp\/v2\/posts\/15081\/revisions"}],"predecessor-version":[{"id":15084,"href":"https:\/\/centralmedia.rs\/index.php\/wp-json\/wp\/v2\/posts\/15081\/revisions\/15084"}],"wp:featuredmedia":[{"embeddable":true,"href":"https:\/\/centralmedia.rs\/index.php\/wp-json\/wp\/v2\/media\/15082"}],"wp:attachment":[{"href":"https:\/\/centralmedia.rs\/index.php\/wp-json\/wp\/v2\/media?parent=15081"}],"wp:term":[{"taxonomy":"category","embeddable":true,"href":"https:\/\/centralmedia.rs\/index.php\/wp-json\/wp\/v2\/categories?post=15081"},{"taxonomy":"post_tag","embeddable":true,"href":"https:\/\/centralmedia.rs\/index.php\/wp-json\/wp\/v2\/tags?post=15081"}],"curies":[{"name":"wp","href":"https:\/\/api.w.org\/{rel}","templated":true}]}}