{"id":15092,"date":"2018-11-25T23:23:53","date_gmt":"2018-11-25T23:23:53","guid":{"rendered":"http:\/\/centralmedia.rs\/?p=15092"},"modified":"2018-12-01T20:35:48","modified_gmt":"2018-12-01T20:35:48","slug":"dva-veka-obrazovanja-u-svilajncu","status":"publish","type":"post","link":"https:\/\/centralmedia.rs\/index.php\/2018\/11\/25\/dva-veka-obrazovanja-u-svilajncu\/","title":{"rendered":"DVA VEKA OBRAZOVANJA U SVILAJNCU"},"content":{"rendered":"<p>SVILAJNAC- O\u0160 &#8220;Jovan Jovanovi\u0107 Zmaj&#8221; proslavila je u subotu sve\u010danom priredbom 210 godina postojanja i rada, \u0161to je ujedno i vi\u0161e od dva veka obrazovanja u Svilajncu.<br \/>\nVeliki jubilej obele\u017eili su svi zaposleni i \u0111aci, kojih ima preko 1.000, a \u0161to \u0161kolu svrstava me\u0111u najve\u0107im u Srbiji.<\/p>\n<div id='gallery-1' class='gallery galleryid-15092 gallery-columns-2 gallery-size-full'><figure class='gallery-item'>\n\t\t\t<div class='gallery-icon landscape'>\n\t\t\t\t<a href='https:\/\/centralmedia.rs\/index.php\/2018\/11\/25\/dva-veka-obrazovanja-u-svilajncu\/akademija-1-2\/'><img loading=\"lazy\" decoding=\"async\" width=\"2048\" height=\"1365\" src=\"https:\/\/centralmedia.rs\/wp-content\/uploads\/2018\/11\/akademija-1.jpg\" class=\"attachment-full size-full\" alt=\"\" srcset=\"https:\/\/centralmedia.rs\/wp-content\/uploads\/2018\/11\/akademija-1.jpg 2048w, https:\/\/centralmedia.rs\/wp-content\/uploads\/2018\/11\/akademija-1-300x200.jpg 300w, https:\/\/centralmedia.rs\/wp-content\/uploads\/2018\/11\/akademija-1-768x512.jpg 768w, https:\/\/centralmedia.rs\/wp-content\/uploads\/2018\/11\/akademija-1-1024x683.jpg 1024w, https:\/\/centralmedia.rs\/wp-content\/uploads\/2018\/11\/akademija-1-630x420.jpg 630w, https:\/\/centralmedia.rs\/wp-content\/uploads\/2018\/11\/akademija-1-640x427.jpg 640w, https:\/\/centralmedia.rs\/wp-content\/uploads\/2018\/11\/akademija-1-681x454.jpg 681w\" sizes=\"(max-width: 2048px) 100vw, 2048px\" \/><\/a>\n\t\t\t<\/div><\/figure><figure class='gallery-item'>\n\t\t\t<div class='gallery-icon landscape'>\n\t\t\t\t<a href='https:\/\/centralmedia.rs\/index.php\/2018\/11\/25\/dva-veka-obrazovanja-u-svilajncu\/akademija-2-3\/'><img loading=\"lazy\" decoding=\"async\" width=\"2048\" height=\"1365\" src=\"https:\/\/centralmedia.rs\/wp-content\/uploads\/2018\/11\/akademija-2.jpg\" class=\"attachment-full size-full\" alt=\"\" srcset=\"https:\/\/centralmedia.rs\/wp-content\/uploads\/2018\/11\/akademija-2.jpg 2048w, https:\/\/centralmedia.rs\/wp-content\/uploads\/2018\/11\/akademija-2-300x200.jpg 300w, https:\/\/centralmedia.rs\/wp-content\/uploads\/2018\/11\/akademija-2-768x512.jpg 768w, https:\/\/centralmedia.rs\/wp-content\/uploads\/2018\/11\/akademija-2-1024x683.jpg 1024w, https:\/\/centralmedia.rs\/wp-content\/uploads\/2018\/11\/akademija-2-630x420.jpg 630w, https:\/\/centralmedia.rs\/wp-content\/uploads\/2018\/11\/akademija-2-640x427.jpg 640w, https:\/\/centralmedia.rs\/wp-content\/uploads\/2018\/11\/akademija-2-681x454.jpg 681w\" sizes=\"(max-width: 2048px) 100vw, 2048px\" \/><\/a>\n\t\t\t<\/div><\/figure>\n\t\t<\/div>\n\n<p>U toku je kompletna rekonstrukcija O\u0160 &#8220;Jovan Jovanovi\u0107 Zmaj&#8221; u Svilajncu, od temelja do krova, a \u0161kola \u0107e dobiti i nov name\u0161taj, kuhinju, opremu za rad&#8230; Svi radovi bi\u0107e zavr\u0161eni do po\u010detka naredne \u0161kolske godine.<\/p>\n","protected":false},"excerpt":{"rendered":"<p>SVILAJNAC- O\u0160 &#8220;Jovan Jovanovi\u0107 Zmaj&#8221; proslavila je u subotu sve\u010danom priredbom 210 godina postojanja i rada, \u0161to je ujedno i vi\u0161e od dva veka obrazovanja &hellip; <\/p>\n","protected":false},"author":2,"featured_media":15094,"comment_status":"open","ping_status":"open","sticky":false,"template":"","format":"standard","meta":{"footnotes":""},"categories":[14,1524,2,887,12,1517],"tags":[3317,3316,38],"_links":{"self":[{"href":"https:\/\/centralmedia.rs\/index.php\/wp-json\/wp\/v2\/posts\/15092"}],"collection":[{"href":"https:\/\/centralmedia.rs\/index.php\/wp-json\/wp\/v2\/posts"}],"about":[{"href":"https:\/\/centralmedia.rs\/index.php\/wp-json\/wp\/v2\/types\/post"}],"author":[{"embeddable":true,"href":"https:\/\/centralmedia.rs\/index.php\/wp-json\/wp\/v2\/users\/2"}],"replies":[{"embeddable":true,"href":"https:\/\/centralmedia.rs\/index.php\/wp-json\/wp\/v2\/comments?post=15092"}],"version-history":[{"count":1,"href":"https:\/\/centralmedia.rs\/index.php\/wp-json\/wp\/v2\/posts\/15092\/revisions"}],"predecessor-version":[{"id":15097,"href":"https:\/\/centralmedia.rs\/index.php\/wp-json\/wp\/v2\/posts\/15092\/revisions\/15097"}],"wp:featuredmedia":[{"embeddable":true,"href":"https:\/\/centralmedia.rs\/index.php\/wp-json\/wp\/v2\/media\/15094"}],"wp:attachment":[{"href":"https:\/\/centralmedia.rs\/index.php\/wp-json\/wp\/v2\/media?parent=15092"}],"wp:term":[{"taxonomy":"category","embeddable":true,"href":"https:\/\/centralmedia.rs\/index.php\/wp-json\/wp\/v2\/categories?post=15092"},{"taxonomy":"post_tag","embeddable":true,"href":"https:\/\/centralmedia.rs\/index.php\/wp-json\/wp\/v2\/tags?post=15092"}],"curies":[{"name":"wp","href":"https:\/\/api.w.org\/{rel}","templated":true}]}}