{"id":1510,"date":"2015-12-12T09:51:44","date_gmt":"2015-12-12T09:51:44","guid":{"rendered":"http:\/\/centralmedia.rs\/?p=1510"},"modified":"2015-12-12T09:51:44","modified_gmt":"2015-12-12T09:51:44","slug":"markovic-srbija-u-eu-tek-za-12-godina","status":"publish","type":"post","link":"https:\/\/centralmedia.rs\/index.php\/2015\/12\/12\/markovic-srbija-u-eu-tek-za-12-godina\/","title":{"rendered":"MARKOVI\u0106-SRBIJA U EU TEK ZA 12 GODINA"},"content":{"rendered":"<p>SVILAJNAC-Potpredsednik SPS i istori\u010dar Predrag Markovi\u0107 ocenio je u Svilajncu da je ,,2027.  realan datum ulaska Srbije u EU\u201c, odnosno tek za 12 godina.<br \/>\n-Otvaranje prvih poglavlja u za ulazak Srbiju u EU je veoma zna\u010dajno. Taj proces ne\u0107e biti tako brz, kao \u0161to se mnogi nadaju. Mo\u017eda se desi da pre nas Crna Gora u\u0111e u EU. EU ima cikluse kada prima nove \u010dlanice i to se doga\u0111a pri kraju bud\u017eetskih ciklusa. Prvi kraj je 2020 godine. Mislim da smo tu zakasnili, slede\u0107i kraj je 2027 godine i to je po  mojoj proceni realna datum, rekao je Markovi\u0107.<br \/>\nOn je istakao da ne treba imati dilemu oko proruske ili proevropske politike, ve\u0107 da treba voditi prosrpsku.<br \/>\n-Prosto vreme je da se okanemo globalne politike. Do sada smo mi u svakom globalno konfliktu u\u010destvovali, \u010dak i prednja\u010dili u nekim. Vreme je da se provu\u010demo ispod ,,radara\u201c i posvetimo nekim svojim malim problemima, kao Skandinavci. Gde to Finci, Islan\u0111ani u\u010destvuju, posle Vikinga, pa \u0161ta im fali. Treba da se povu\u010demo iz prvih redova velikih globalnih borbi i da se bavimo ure\u0111ivanjem na\u0161eg malog dvori\u0161ta, objasnio je Markovi\u0107.<\/p>\n","protected":false},"excerpt":{"rendered":"<p>SVILAJNAC-Potpredsednik SPS i istori\u010dar Predrag Markovi\u0107 ocenio je u Svilajncu da je ,,2027. realan datum ulaska Srbije u EU\u201c, odnosno tek za 12 godina. -Otvaranje &hellip; <\/p>\n","protected":false},"author":4,"featured_media":1511,"comment_status":"open","ping_status":"open","sticky":false,"template":"","format":"standard","meta":{"footnotes":""},"categories":[2,13,12],"tags":[344,343,38],"_links":{"self":[{"href":"https:\/\/centralmedia.rs\/index.php\/wp-json\/wp\/v2\/posts\/1510"}],"collection":[{"href":"https:\/\/centralmedia.rs\/index.php\/wp-json\/wp\/v2\/posts"}],"about":[{"href":"https:\/\/centralmedia.rs\/index.php\/wp-json\/wp\/v2\/types\/post"}],"author":[{"embeddable":true,"href":"https:\/\/centralmedia.rs\/index.php\/wp-json\/wp\/v2\/users\/4"}],"replies":[{"embeddable":true,"href":"https:\/\/centralmedia.rs\/index.php\/wp-json\/wp\/v2\/comments?post=1510"}],"version-history":[{"count":0,"href":"https:\/\/centralmedia.rs\/index.php\/wp-json\/wp\/v2\/posts\/1510\/revisions"}],"wp:featuredmedia":[{"embeddable":true,"href":"https:\/\/centralmedia.rs\/index.php\/wp-json\/wp\/v2\/media\/1511"}],"wp:attachment":[{"href":"https:\/\/centralmedia.rs\/index.php\/wp-json\/wp\/v2\/media?parent=1510"}],"wp:term":[{"taxonomy":"category","embeddable":true,"href":"https:\/\/centralmedia.rs\/index.php\/wp-json\/wp\/v2\/categories?post=1510"},{"taxonomy":"post_tag","embeddable":true,"href":"https:\/\/centralmedia.rs\/index.php\/wp-json\/wp\/v2\/tags?post=1510"}],"curies":[{"name":"wp","href":"https:\/\/api.w.org\/{rel}","templated":true}]}}