{"id":15112,"date":"2018-11-26T16:55:06","date_gmt":"2018-11-26T16:55:06","guid":{"rendered":"http:\/\/centralmedia.rs\/?p=15112"},"modified":"2018-11-28T09:03:51","modified_gmt":"2018-11-28T09:03:51","slug":"konacno-resenje-privrednog-suda-u-kragujevcu-obustavljen-stecajni-postupak-u-paracinskoj-staklari","status":"publish","type":"post","link":"https:\/\/centralmedia.rs\/index.php\/2018\/11\/26\/konacno-resenje-privrednog-suda-u-kragujevcu-obustavljen-stecajni-postupak-u-paracinskoj-staklari\/","title":{"rendered":"KONA\u010cNO RE\u0160ENJE PRIVREDNOG SUDA U KRAGUJEVCU &#8211; OBUSTAVLJEN STE\u010cAJNI POSTUPAK U PARA\u0106INSKOJ STAKLARI"},"content":{"rendered":"<p>KRAGUJEVAC- Sudija Prvrednog suda u Kragujevcu Branislav Jovovi\u0107 doneo je danas re\u0161enje o obustavljanju predhodnog ste\u010dajnog postupka u Srpskoj fabrici stakla u Para\u0107inu od 4. maja pro\u0161le godine. Ovim re\u0161enjem ukinte su sve mere obezbe\u0111enja. Predlog za uvi\u0111enje ste\u010daja podnela je firma Veksilum Balkan u aprilu pro\u0161le godine, u me\u0111uvremenu je tri puta otvaran i ukidan ste\u010daj, da bi 23. novembra predlog bio povu\u010den, a sud odlu\u010dio u skladu za zakonom i obustavio prethodni ste\u010dajni postupak. Bez posla je ostalo 230 radnika, neki su tu\u017eili preduze\u0107e zbog nezakonitog otkaza.<\/p>\n<div id='gallery-1' class='gallery galleryid-15112 gallery-columns-5 gallery-size-thumbnail'><figure class='gallery-item'>\n\t\t\t<div class='gallery-icon landscape'>\n\t\t\t\t<a href='https:\/\/centralmedia.rs\/index.php\/2017\/09\/27\/protest-bivsih-radnika-staklare-u-paracinu-tito-ponovo-jase-na-celu-kolone\/stakalra-4\/'><img loading=\"lazy\" decoding=\"async\" width=\"150\" height=\"150\" src=\"https:\/\/centralmedia.rs\/wp-content\/uploads\/2017\/09\/stakalra-4-150x150.jpg\" class=\"attachment-thumbnail size-thumbnail\" alt=\"\" \/><\/a>\n\t\t\t<\/div><\/figure><figure class='gallery-item'>\n\t\t\t<div class='gallery-icon landscape'>\n\t\t\t\t<a href='https:\/\/centralmedia.rs\/index.php\/2017\/09\/27\/protest-bivsih-radnika-staklare-u-paracinu-tito-ponovo-jase-na-celu-kolone\/stakalra\/'><img loading=\"lazy\" decoding=\"async\" width=\"150\" height=\"150\" src=\"https:\/\/centralmedia.rs\/wp-content\/uploads\/2017\/09\/stakalra-150x150.jpg\" class=\"attachment-thumbnail size-thumbnail\" alt=\"\" \/><\/a>\n\t\t\t<\/div><\/figure><figure class='gallery-item'>\n\t\t\t<div class='gallery-icon landscape'>\n\t\t\t\t<a href='https:\/\/centralmedia.rs\/index.php\/2017\/09\/27\/protest-bivsih-radnika-staklare-u-paracinu-tito-ponovo-jase-na-celu-kolone\/stakalra-3\/'><img loading=\"lazy\" decoding=\"async\" width=\"150\" height=\"150\" src=\"https:\/\/centralmedia.rs\/wp-content\/uploads\/2017\/09\/stakalra-3-150x150.jpg\" class=\"attachment-thumbnail size-thumbnail\" alt=\"\" \/><\/a>\n\t\t\t<\/div><\/figure><figure class='gallery-item'>\n\t\t\t<div class='gallery-icon landscape'>\n\t\t\t\t<a href='https:\/\/centralmedia.rs\/index.php\/2017\/09\/27\/protest-bivsih-radnika-staklare-u-paracinu-tito-ponovo-jase-na-celu-kolone\/stakalra-1\/'><img loading=\"lazy\" decoding=\"async\" width=\"150\" height=\"150\" src=\"https:\/\/centralmedia.rs\/wp-content\/uploads\/2017\/09\/stakalra-1-150x150.jpg\" class=\"attachment-thumbnail size-thumbnail\" alt=\"\" \/><\/a>\n\t\t\t<\/div><\/figure><figure class='gallery-item'>\n\t\t\t<div class='gallery-icon landscape'>\n\t\t\t\t<a href='https:\/\/centralmedia.rs\/index.php\/2017\/09\/27\/protest-bivsih-radnika-staklare-u-paracinu-tito-ponovo-jase-na-celu-kolone\/stakalra-2\/'><img loading=\"lazy\" decoding=\"async\" width=\"150\" height=\"150\" src=\"https:\/\/centralmedia.rs\/wp-content\/uploads\/2017\/09\/stakalra-2-150x150.jpg\" class=\"attachment-thumbnail size-thumbnail\" alt=\"\" \/><\/a>\n\t\t\t<\/div><\/figure>\n\t\t<\/div>\n\n","protected":false},"excerpt":{"rendered":"<p>KRAGUJEVAC- Sudija Prvrednog suda u Kragujevcu Branislav Jovovi\u0107 doneo je danas re\u0161enje o obustavljanju predhodnog ste\u010dajnog postupka u Srpskoj fabrici stakla u Para\u0107inu od 4. &hellip; <\/p>\n","protected":false},"author":2,"featured_media":15113,"comment_status":"open","ping_status":"open","sticky":false,"template":"","format":"standard","meta":{"footnotes":""},"categories":[22,1524,2,1516,12],"tags":[156,2314],"_links":{"self":[{"href":"https:\/\/centralmedia.rs\/index.php\/wp-json\/wp\/v2\/posts\/15112"}],"collection":[{"href":"https:\/\/centralmedia.rs\/index.php\/wp-json\/wp\/v2\/posts"}],"about":[{"href":"https:\/\/centralmedia.rs\/index.php\/wp-json\/wp\/v2\/types\/post"}],"author":[{"embeddable":true,"href":"https:\/\/centralmedia.rs\/index.php\/wp-json\/wp\/v2\/users\/2"}],"replies":[{"embeddable":true,"href":"https:\/\/centralmedia.rs\/index.php\/wp-json\/wp\/v2\/comments?post=15112"}],"version-history":[{"count":1,"href":"https:\/\/centralmedia.rs\/index.php\/wp-json\/wp\/v2\/posts\/15112\/revisions"}],"predecessor-version":[{"id":15115,"href":"https:\/\/centralmedia.rs\/index.php\/wp-json\/wp\/v2\/posts\/15112\/revisions\/15115"}],"wp:featuredmedia":[{"embeddable":true,"href":"https:\/\/centralmedia.rs\/index.php\/wp-json\/wp\/v2\/media\/15113"}],"wp:attachment":[{"href":"https:\/\/centralmedia.rs\/index.php\/wp-json\/wp\/v2\/media?parent=15112"}],"wp:term":[{"taxonomy":"category","embeddable":true,"href":"https:\/\/centralmedia.rs\/index.php\/wp-json\/wp\/v2\/categories?post=15112"},{"taxonomy":"post_tag","embeddable":true,"href":"https:\/\/centralmedia.rs\/index.php\/wp-json\/wp\/v2\/tags?post=15112"}],"curies":[{"name":"wp","href":"https:\/\/api.w.org\/{rel}","templated":true}]}}