{"id":15136,"date":"2018-11-27T20:50:22","date_gmt":"2018-11-27T20:50:22","guid":{"rendered":"http:\/\/centralmedia.rs\/?p=15136"},"modified":"2018-12-01T20:33:03","modified_gmt":"2018-12-01T20:33:03","slug":"bebi-paketi","status":"publish","type":"post","link":"https:\/\/centralmedia.rs\/index.php\/2018\/11\/27\/bebi-paketi\/","title":{"rendered":"BEBI PAKETI"},"content":{"rendered":"<p>SVILAJNAC- Peta podela bebi paketa za na\u0161e najmla\u0111e sugra\u0111ane ro\u0111ene u septembru i oktobru ove godine odr\u017eana je u prostorijama Centra za brigu o porodici. Za ova dva meseca ro\u0111eno je ukupno 26 beba, 15 devoj\u010dica i 11 de\u010daka.<\/p>\n<p><img loading=\"lazy\" decoding=\"async\" class=\"alignnone wp-image-15138 size-large\" src=\"http:\/\/centralmedia.rs\/wp-content\/uploads\/2018\/11\/sara-1024x683.jpg\" alt=\"\" width=\"640\" height=\"427\" srcset=\"https:\/\/centralmedia.rs\/wp-content\/uploads\/2018\/11\/sara-1024x683.jpg 1024w, https:\/\/centralmedia.rs\/wp-content\/uploads\/2018\/11\/sara-300x200.jpg 300w, https:\/\/centralmedia.rs\/wp-content\/uploads\/2018\/11\/sara-768x512.jpg 768w, https:\/\/centralmedia.rs\/wp-content\/uploads\/2018\/11\/sara-630x420.jpg 630w, https:\/\/centralmedia.rs\/wp-content\/uploads\/2018\/11\/sara-640x427.jpg 640w, https:\/\/centralmedia.rs\/wp-content\/uploads\/2018\/11\/sara-681x454.jpg 681w, https:\/\/centralmedia.rs\/wp-content\/uploads\/2018\/11\/sara.jpg 2048w\" sizes=\"(max-width: 640px) 100vw, 640px\" \/><\/p>\n","protected":false},"excerpt":{"rendered":"<p>SVILAJNAC- Peta podela bebi paketa za na\u0161e najmla\u0111e sugra\u0111ane ro\u0111ene u septembru i oktobru ove godine odr\u017eana je u prostorijama Centra za brigu o porodici. &hellip; <\/p>\n","protected":false},"author":2,"featured_media":15137,"comment_status":"open","ping_status":"open","sticky":false,"template":"","format":"standard","meta":{"footnotes":""},"categories":[14,1524,2,887,12,1517],"tags":[3321,38],"_links":{"self":[{"href":"https:\/\/centralmedia.rs\/index.php\/wp-json\/wp\/v2\/posts\/15136"}],"collection":[{"href":"https:\/\/centralmedia.rs\/index.php\/wp-json\/wp\/v2\/posts"}],"about":[{"href":"https:\/\/centralmedia.rs\/index.php\/wp-json\/wp\/v2\/types\/post"}],"author":[{"embeddable":true,"href":"https:\/\/centralmedia.rs\/index.php\/wp-json\/wp\/v2\/users\/2"}],"replies":[{"embeddable":true,"href":"https:\/\/centralmedia.rs\/index.php\/wp-json\/wp\/v2\/comments?post=15136"}],"version-history":[{"count":1,"href":"https:\/\/centralmedia.rs\/index.php\/wp-json\/wp\/v2\/posts\/15136\/revisions"}],"predecessor-version":[{"id":15139,"href":"https:\/\/centralmedia.rs\/index.php\/wp-json\/wp\/v2\/posts\/15136\/revisions\/15139"}],"wp:featuredmedia":[{"embeddable":true,"href":"https:\/\/centralmedia.rs\/index.php\/wp-json\/wp\/v2\/media\/15137"}],"wp:attachment":[{"href":"https:\/\/centralmedia.rs\/index.php\/wp-json\/wp\/v2\/media?parent=15136"}],"wp:term":[{"taxonomy":"category","embeddable":true,"href":"https:\/\/centralmedia.rs\/index.php\/wp-json\/wp\/v2\/categories?post=15136"},{"taxonomy":"post_tag","embeddable":true,"href":"https:\/\/centralmedia.rs\/index.php\/wp-json\/wp\/v2\/tags?post=15136"}],"curies":[{"name":"wp","href":"https:\/\/api.w.org\/{rel}","templated":true}]}}