{"id":15196,"date":"2018-11-30T17:13:28","date_gmt":"2018-11-30T17:13:28","guid":{"rendered":"http:\/\/centralmedia.rs\/?p=15196"},"modified":"2018-12-05T19:00:47","modified_gmt":"2018-12-05T19:00:47","slug":"predsednik-opstine-paracin-odgovarao-na-pitanja-na-fejsbuk-strani-danasa-paracin-dozivljava-investicioni-bum","status":"publish","type":"post","link":"https:\/\/centralmedia.rs\/index.php\/2018\/11\/30\/predsednik-opstine-paracin-odgovarao-na-pitanja-na-fejsbuk-strani-danasa-paracin-dozivljava-investicioni-bum\/","title":{"rendered":"PREDSEDNIK OP\u0160TINE PARA\u0106IN ODGOVARAO NA PITANJA NA FEJSBUK STRANI DANASA &#8211; PARA\u0106IN DO\u017dIVLJAVA INVESTICIONI BUM"},"content":{"rendered":"<p>BEOGRAD &#8211; Sa\u0161a Paunovi\u0107, predsednik op\u0161tine Para\u0107in, odgovarao je na pitanja gra\u0111ana na Fejsbuk strani Danasa, a o tome da li je ta\u010dno da privreda zavisi li\u010dno od njega istakao da ,,Para\u0107in do\u017eivljava investicioni bum&#8221;, prenosi Danas.<\/p>\n<p><img loading=\"lazy\" decoding=\"async\" class=\"alignnone wp-image-15199 size-full\" src=\"http:\/\/centralmedia.rs\/wp-content\/uploads\/2018\/11\/46796565_1002383266613706_7881792594827542528_n.jpg\" alt=\"\" width=\"552\" height=\"345\" srcset=\"https:\/\/centralmedia.rs\/wp-content\/uploads\/2018\/11\/46796565_1002383266613706_7881792594827542528_n.jpg 552w, https:\/\/centralmedia.rs\/wp-content\/uploads\/2018\/11\/46796565_1002383266613706_7881792594827542528_n-300x188.jpg 300w\" sizes=\"(max-width: 552px) 100vw, 552px\" \/><\/p>\n<p>\u2013 Op\u0161tina nije nadle\u017ena za privredu u smislu \u201edovo\u0111enje investitora\u201c i sli\u010dne propagandne akcije, ve\u0107 za izgradnju infrastrukture i izradu planskih dokumenata kojima se omogu\u0107ava investiranje. Op\u0161tina Para\u0107in posle vi\u0161egodi\u0161nje izgradnje infrastrukture namenjene privredi, uprkos kritikama koje su dolazile da je to \u201ebacanje para\u201c, sada ubira plodove ove dugoro\u010dno jedino ispravne strategije i do\u017eivljava pravi investicioni bum, naglasio je predsednik op\u0161tine Para\u0107in Sa\u0161a Paunovi\u0107.<\/p>\n<p>Prema njegovim re\u010dima, cilj je da se u narednom periodu nastavi sa tim aktivnostima koje jesu u op\u0161tinskoj nadle\u017enosti, a koje nemaju veze sa propagandom \u201edovo\u0111enja investitora\u201c i daju rezultate.<\/p>\n<p>Od pristiglih pitanja mnoga su se ticala lokalnih tema od kazni za parkiranje, gradskog vodovoda, priklju\u010divanje na gradsku kanalizaciju. Ipak, mnoge gra\u0111ane interesovalo je \u0161ta \u0107e u budu\u0107nosti biti sa rekom Grzom i da li \u0107e na njoj biti izgra\u0111ena mini hidroeletrana.<\/p>\n<p>Prema Paunovi\u0107evim re\u010dima, op\u0161tina Para\u0107in je jo\u0161 pre nego \u0161to je tema mini hidroelektrana postala aktuelna zaustavila izgradnju jednog takvog objekta, kada je za to postojao zakonski osnov.<\/p>\n<p>\u2013 \u0160to se mene ti\u010de mini hidroelektrana \u201eGrza\u201c uop\u0161te nije potrebna, ne zala\u017eem se uop\u0161te za izgradnju ovog objekta, posebno ako postoji nedoumica da li \u0107e njenom izgradnjom biti ugro\u017eena \u017eivotna sredina. Izleti\u0161te kao celina mnogo je va\u017enije za na\u0161u zajednicu od jedne mini hidroelektrane, objasnio je na\u0161 sagovornik.<\/p>\n<p>On je u odgovoru dodao da njegov li\u010dni stav nije presudan, i da ako neko ima pravo da gradi nekakav objekat po zakonu, on to pravo mo\u017ee ostvariti bez obzira da li se to predsedniku op\u0161tine dopada ili ne.<\/p>\n<p>Paunovi\u0107 \u00a0je odgovaraju\u0107i na pristigla pitanja podsetio da je na izborima bio nosilac koalicione liste \u201eSigurno napred\u201c, kao i da tu koaliciju u Para\u0107inu \u010dine Demokratska stranka, Liberalno-demokratska partija, Nova stranka i Zajedno za Srbiju.<\/p>\n<p>\u2013 Dogovor unutar koalicije je da nema promovisanja pojedina\u010dnih politi\u010dkih stranaka i njihovog favorizovanja. Tako da ja i jesam bio na izborima kandidat Demokratske stranke a i sada sam \u010dlan i potpredsednik, odgovorio je Paunovi\u0107 na pristiglo pitanje.<\/p>\n<p>Na pitanje za\u0161to je godinama na toj funkcije, Paunovi\u0107 isti\u010de \u201eovaj posao je dinami\u010dan i kreativan, dakle i zanimljiv\u201c.<\/p>\n<p><strong>SNS \u0160ALJE SLU\u017dBENIKE IZ JEDNE U AKCIJU \u201eOD VRATA DO VRATA\u201c U DRUGE OP\u0160TINE<\/strong><\/p>\n<p>\u201eZa\u0161to se slu\u017ebenici Para\u0107ina zloupotrebljavaju i idu od vrata do vrata\u201c, glasilo je jedno od postavljenih pitanja za predsednika op\u0161tine Para\u0107in.<\/p>\n<p>\u2013 Op\u0161tinski slu\u017ebenici Para\u0107ina nikad nisu bili zloupotrebljavani u politi\u010dke svrhe, niti je iko od op\u0161tinskih radnika ikad u radno vreme bio u akciji \u201eod vrata do vrata\u201c. To \u0161to SNS, prema medijskim izve\u0161tajima, zloupotrebljava lokalne slu\u017ebenike iz npr. Pan\u010deva, koji bukvalno mesecima borave u Lu\u010danima, a isto se de\u0161avalo u drugim op\u0161tinama, jeste nezakonita praksa te stranke a ne op\u0161tine, zaklju\u010dio je on.<\/p>\n<p>&nbsp;<\/p>\n","protected":false},"excerpt":{"rendered":"<p>BEOGRAD &#8211; Sa\u0161a Paunovi\u0107, predsednik op\u0161tine Para\u0107in, odgovarao je na pitanja gra\u0111ana na Fejsbuk strani Danasa, a o tome da li je ta\u010dno da privreda &hellip; <\/p>\n","protected":false},"author":2,"featured_media":15198,"comment_status":"open","ping_status":"open","sticky":false,"template":"","format":"standard","meta":{"footnotes":""},"categories":[1524,2,1516,13,12],"tags":[457,3329,156,552],"_links":{"self":[{"href":"https:\/\/centralmedia.rs\/index.php\/wp-json\/wp\/v2\/posts\/15196"}],"collection":[{"href":"https:\/\/centralmedia.rs\/index.php\/wp-json\/wp\/v2\/posts"}],"about":[{"href":"https:\/\/centralmedia.rs\/index.php\/wp-json\/wp\/v2\/types\/post"}],"author":[{"embeddable":true,"href":"https:\/\/centralmedia.rs\/index.php\/wp-json\/wp\/v2\/users\/2"}],"replies":[{"embeddable":true,"href":"https:\/\/centralmedia.rs\/index.php\/wp-json\/wp\/v2\/comments?post=15196"}],"version-history":[{"count":1,"href":"https:\/\/centralmedia.rs\/index.php\/wp-json\/wp\/v2\/posts\/15196\/revisions"}],"predecessor-version":[{"id":15200,"href":"https:\/\/centralmedia.rs\/index.php\/wp-json\/wp\/v2\/posts\/15196\/revisions\/15200"}],"wp:featuredmedia":[{"embeddable":true,"href":"https:\/\/centralmedia.rs\/index.php\/wp-json\/wp\/v2\/media\/15198"}],"wp:attachment":[{"href":"https:\/\/centralmedia.rs\/index.php\/wp-json\/wp\/v2\/media?parent=15196"}],"wp:term":[{"taxonomy":"category","embeddable":true,"href":"https:\/\/centralmedia.rs\/index.php\/wp-json\/wp\/v2\/categories?post=15196"},{"taxonomy":"post_tag","embeddable":true,"href":"https:\/\/centralmedia.rs\/index.php\/wp-json\/wp\/v2\/tags?post=15196"}],"curies":[{"name":"wp","href":"https:\/\/api.w.org\/{rel}","templated":true}]}}