{"id":15208,"date":"2018-12-01T19:38:25","date_gmt":"2018-12-01T19:38:25","guid":{"rendered":"http:\/\/centralmedia.rs\/?p=15208"},"modified":"2018-12-05T19:01:32","modified_gmt":"2018-12-05T19:01:32","slug":"titula-najzena-21-veka-dr-snezani-miletic","status":"publish","type":"post","link":"https:\/\/centralmedia.rs\/index.php\/2018\/12\/01\/titula-najzena-21-veka-dr-snezani-miletic\/","title":{"rendered":"TITULA NAJ\u017dENA 21. VEKA DR SNE\u017dANI MILETI\u0106"},"content":{"rendered":"<p>BEOGRAD- Na sve\u010danosti u Crown Plazi u Beogradu dr Sne\u017eani Mileti\u0107 uru\u010dena je titula naj\u017eena 21. veka u oblasti rekonstruktivne, plasti\u010dne i estetske hirurgije.<\/p>\n<div id='gallery-1' class='gallery galleryid-15208 gallery-columns-2 gallery-size-full'><figure class='gallery-item'>\n\t\t\t<div class='gallery-icon landscape'>\n\t\t\t\t<a href='https:\/\/centralmedia.rs\/index.php\/2018\/12\/01\/titula-najzena-21-veka-dr-snezani-miletic\/nena-1-4\/'><img loading=\"lazy\" decoding=\"async\" width=\"960\" height=\"960\" src=\"https:\/\/centralmedia.rs\/wp-content\/uploads\/2018\/12\/nena-1.jpg\" class=\"attachment-full size-full\" alt=\"\" srcset=\"https:\/\/centralmedia.rs\/wp-content\/uploads\/2018\/12\/nena-1.jpg 960w, https:\/\/centralmedia.rs\/wp-content\/uploads\/2018\/12\/nena-1-150x150.jpg 150w, https:\/\/centralmedia.rs\/wp-content\/uploads\/2018\/12\/nena-1-300x300.jpg 300w, https:\/\/centralmedia.rs\/wp-content\/uploads\/2018\/12\/nena-1-768x768.jpg 768w, https:\/\/centralmedia.rs\/wp-content\/uploads\/2018\/12\/nena-1-420x420.jpg 420w, https:\/\/centralmedia.rs\/wp-content\/uploads\/2018\/12\/nena-1-640x640.jpg 640w, https:\/\/centralmedia.rs\/wp-content\/uploads\/2018\/12\/nena-1-681x681.jpg 681w\" sizes=\"(max-width: 960px) 100vw, 960px\" \/><\/a>\n\t\t\t<\/div><\/figure><figure class='gallery-item'>\n\t\t\t<div class='gallery-icon landscape'>\n\t\t\t\t<a href='https:\/\/centralmedia.rs\/index.php\/2018\/12\/01\/titula-najzena-21-veka-dr-snezani-miletic\/nena-9\/'><img loading=\"lazy\" decoding=\"async\" width=\"960\" height=\"960\" src=\"https:\/\/centralmedia.rs\/wp-content\/uploads\/2018\/12\/nena.jpg\" class=\"attachment-full size-full\" alt=\"\" srcset=\"https:\/\/centralmedia.rs\/wp-content\/uploads\/2018\/12\/nena.jpg 960w, https:\/\/centralmedia.rs\/wp-content\/uploads\/2018\/12\/nena-150x150.jpg 150w, https:\/\/centralmedia.rs\/wp-content\/uploads\/2018\/12\/nena-300x300.jpg 300w, https:\/\/centralmedia.rs\/wp-content\/uploads\/2018\/12\/nena-768x768.jpg 768w, https:\/\/centralmedia.rs\/wp-content\/uploads\/2018\/12\/nena-420x420.jpg 420w, https:\/\/centralmedia.rs\/wp-content\/uploads\/2018\/12\/nena-640x640.jpg 640w, https:\/\/centralmedia.rs\/wp-content\/uploads\/2018\/12\/nena-681x681.jpg 681w\" sizes=\"(max-width: 960px) 100vw, 960px\" \/><\/a>\n\t\t\t<\/div><\/figure>\n\t\t<\/div>\n\n<p>&#8211; Posebno je zadovoljstvo biti u ovako divnom dru\u0161tvu. Nagra\u0111eni za najzenu i najmuskarca XXI veka. \u010cast mi je \u0161to sam ove godine ba\u0161 ja ponela titulu naj\u017eene u kategoriji &#8211; estetske, plasti\u010dne i rekonstruktivne hirurgije, kazala dr Mileti\u0107.<\/p>\n<p>Istra\u017eivanje i nominacije za najbolje u svojim oblastima sprovela je agencija Arli nivo.<\/p>\n<p>&#8211; Hvala mojoj porodici i saradnicima na neizmernoj podr\u0161ci koja je doprinela da budem izabrana za naj\u017eenu XXI veka. Hvala vama dragi prijatelji i klijenti, ovo priznanje dugujem vama, kazala je dr Mileti\u0107.<\/p>\n","protected":false},"excerpt":{"rendered":"<p>BEOGRAD- Na sve\u010danosti u Crown Plazi u Beogradu dr Sne\u017eani Mileti\u0107 uru\u010dena je titula naj\u017eena 21. veka u oblasti rekonstruktivne, plasti\u010dne i estetske hirurgije. &#8211; &hellip; <\/p>\n","protected":false},"author":2,"featured_media":15209,"comment_status":"open","ping_status":"open","sticky":false,"template":"","format":"standard","meta":{"footnotes":""},"categories":[28,1524,2,1516,12],"tags":[2474,3332,357,3331],"_links":{"self":[{"href":"https:\/\/centralmedia.rs\/index.php\/wp-json\/wp\/v2\/posts\/15208"}],"collection":[{"href":"https:\/\/centralmedia.rs\/index.php\/wp-json\/wp\/v2\/posts"}],"about":[{"href":"https:\/\/centralmedia.rs\/index.php\/wp-json\/wp\/v2\/types\/post"}],"author":[{"embeddable":true,"href":"https:\/\/centralmedia.rs\/index.php\/wp-json\/wp\/v2\/users\/2"}],"replies":[{"embeddable":true,"href":"https:\/\/centralmedia.rs\/index.php\/wp-json\/wp\/v2\/comments?post=15208"}],"version-history":[{"count":1,"href":"https:\/\/centralmedia.rs\/index.php\/wp-json\/wp\/v2\/posts\/15208\/revisions"}],"predecessor-version":[{"id":15212,"href":"https:\/\/centralmedia.rs\/index.php\/wp-json\/wp\/v2\/posts\/15208\/revisions\/15212"}],"wp:featuredmedia":[{"embeddable":true,"href":"https:\/\/centralmedia.rs\/index.php\/wp-json\/wp\/v2\/media\/15209"}],"wp:attachment":[{"href":"https:\/\/centralmedia.rs\/index.php\/wp-json\/wp\/v2\/media?parent=15208"}],"wp:term":[{"taxonomy":"category","embeddable":true,"href":"https:\/\/centralmedia.rs\/index.php\/wp-json\/wp\/v2\/categories?post=15208"},{"taxonomy":"post_tag","embeddable":true,"href":"https:\/\/centralmedia.rs\/index.php\/wp-json\/wp\/v2\/tags?post=15208"}],"curies":[{"name":"wp","href":"https:\/\/api.w.org\/{rel}","templated":true}]}}