{"id":15213,"date":"2018-12-01T20:11:07","date_gmt":"2018-12-01T20:11:07","guid":{"rendered":"http:\/\/centralmedia.rs\/?p=15213"},"modified":"2018-12-05T19:01:40","modified_gmt":"2018-12-05T19:01:40","slug":"prvi-protest-za-zastitu-reke-grze","status":"publish","type":"post","link":"https:\/\/centralmedia.rs\/index.php\/2018\/12\/01\/prvi-protest-za-zastitu-reke-grze\/","title":{"rendered":"PRVI PROTEST ZA ZA\u0160TITU REKE GRZE OD MHE"},"content":{"rendered":"<p>PARA\u0106IN- Danas je odr\u017ean prvi protest protiv izgradnje MHE na reci Grzi kod Para\u0107ina. Stotinak Para\u0107inaca je po veoma hladnom vremenu danas je zahtevao obustavu gradnje MHE na Grzi. Novi protest zakazan za utorak, 4. decembar, 11 sati u parko kod crkve u Para\u0107inu, najavljeno je da \u0107e biti upu\u0107en poziv investitoru da obrazlo\u017ei projekat. Na protestu su bili predstavnici op\u0161tine i javnih ustanova.<\/p>\n<p><img loading=\"lazy\" decoding=\"async\" class=\"alignnone wp-image-15216 size-full\" src=\"http:\/\/centralmedia.rs\/wp-content\/uploads\/2018\/12\/grza.jpg\" alt=\"\" width=\"750\" height=\"562\" srcset=\"https:\/\/centralmedia.rs\/wp-content\/uploads\/2018\/12\/grza.jpg 750w, https:\/\/centralmedia.rs\/wp-content\/uploads\/2018\/12\/grza-300x225.jpg 300w, https:\/\/centralmedia.rs\/wp-content\/uploads\/2018\/12\/grza-560x420.jpg 560w, https:\/\/centralmedia.rs\/wp-content\/uploads\/2018\/12\/grza-80x60.jpg 80w, https:\/\/centralmedia.rs\/wp-content\/uploads\/2018\/12\/grza-100x75.jpg 100w, https:\/\/centralmedia.rs\/wp-content\/uploads\/2018\/12\/grza-180x135.jpg 180w, https:\/\/centralmedia.rs\/wp-content\/uploads\/2018\/12\/grza-238x178.jpg 238w, https:\/\/centralmedia.rs\/wp-content\/uploads\/2018\/12\/grza-640x480.jpg 640w, https:\/\/centralmedia.rs\/wp-content\/uploads\/2018\/12\/grza-681x510.jpg 681w\" sizes=\"(max-width: 750px) 100vw, 750px\" \/><\/p>\n","protected":false},"excerpt":{"rendered":"<p>PARA\u0106IN- Danas je odr\u017ean prvi protest protiv izgradnje MHE na reci Grzi kod Para\u0107ina. Stotinak Para\u0107inaca je po veoma hladnom vremenu danas je zahtevao obustavu &hellip; <\/p>\n","protected":false},"author":2,"featured_media":15214,"comment_status":"open","ping_status":"open","sticky":false,"template":"","format":"standard","meta":{"footnotes":""},"categories":[14,1524,2,1516,12],"tags":[1596,2831,523],"_links":{"self":[{"href":"https:\/\/centralmedia.rs\/index.php\/wp-json\/wp\/v2\/posts\/15213"}],"collection":[{"href":"https:\/\/centralmedia.rs\/index.php\/wp-json\/wp\/v2\/posts"}],"about":[{"href":"https:\/\/centralmedia.rs\/index.php\/wp-json\/wp\/v2\/types\/post"}],"author":[{"embeddable":true,"href":"https:\/\/centralmedia.rs\/index.php\/wp-json\/wp\/v2\/users\/2"}],"replies":[{"embeddable":true,"href":"https:\/\/centralmedia.rs\/index.php\/wp-json\/wp\/v2\/comments?post=15213"}],"version-history":[{"count":2,"href":"https:\/\/centralmedia.rs\/index.php\/wp-json\/wp\/v2\/posts\/15213\/revisions"}],"predecessor-version":[{"id":15217,"href":"https:\/\/centralmedia.rs\/index.php\/wp-json\/wp\/v2\/posts\/15213\/revisions\/15217"}],"wp:featuredmedia":[{"embeddable":true,"href":"https:\/\/centralmedia.rs\/index.php\/wp-json\/wp\/v2\/media\/15214"}],"wp:attachment":[{"href":"https:\/\/centralmedia.rs\/index.php\/wp-json\/wp\/v2\/media?parent=15213"}],"wp:term":[{"taxonomy":"category","embeddable":true,"href":"https:\/\/centralmedia.rs\/index.php\/wp-json\/wp\/v2\/categories?post=15213"},{"taxonomy":"post_tag","embeddable":true,"href":"https:\/\/centralmedia.rs\/index.php\/wp-json\/wp\/v2\/tags?post=15213"}],"curies":[{"name":"wp","href":"https:\/\/api.w.org\/{rel}","templated":true}]}}