{"id":15221,"date":"2018-12-03T11:03:01","date_gmt":"2018-12-03T11:03:01","guid":{"rendered":"http:\/\/centralmedia.rs\/?p=15221"},"modified":"2018-12-05T19:03:57","modified_gmt":"2018-12-05T19:03:57","slug":"urucene-novcane-nagrade-najboljim-studentima","status":"publish","type":"post","link":"https:\/\/centralmedia.rs\/index.php\/2018\/12\/03\/urucene-novcane-nagrade-najboljim-studentima\/","title":{"rendered":"URU\u010cENE NOV\u010cANE NAGRADE NAJBOLJIM STUDENTIMA"},"content":{"rendered":"<p>SVILAJNAC- Op\u0161tina Svilajnac i ove godine uru\u010dila je nov\u010dane nagrade studentima koji imaju prosek iznad 9,00, a kojih je ove godine bilo 61. Novina je da se ove godine nagrada pove\u0107ala sa 50 na 60 hiljada dinara.<\/p>\n<div id='gallery-1' class='gallery galleryid-15221 gallery-columns-4 gallery-size-thumbnail'><figure class='gallery-item'>\n\t\t\t<div class='gallery-icon landscape'>\n\t\t\t\t<a href='https:\/\/centralmedia.rs\/index.php\/2018\/12\/03\/urucene-novcane-nagrade-najboljim-studentima\/s1-5\/'><img loading=\"lazy\" decoding=\"async\" width=\"150\" height=\"150\" src=\"https:\/\/centralmedia.rs\/wp-content\/uploads\/2018\/12\/s1-150x150.jpg\" class=\"attachment-thumbnail size-thumbnail\" alt=\"\" \/><\/a>\n\t\t\t<\/div><\/figure><figure class='gallery-item'>\n\t\t\t<div class='gallery-icon landscape'>\n\t\t\t\t<a href='https:\/\/centralmedia.rs\/index.php\/2018\/12\/03\/urucene-novcane-nagrade-najboljim-studentima\/s2-3\/'><img loading=\"lazy\" decoding=\"async\" width=\"150\" height=\"150\" src=\"https:\/\/centralmedia.rs\/wp-content\/uploads\/2018\/12\/s2-150x150.jpg\" class=\"attachment-thumbnail size-thumbnail\" alt=\"\" \/><\/a>\n\t\t\t<\/div><\/figure><figure class='gallery-item'>\n\t\t\t<div class='gallery-icon landscape'>\n\t\t\t\t<a href='https:\/\/centralmedia.rs\/index.php\/2018\/12\/03\/urucene-novcane-nagrade-najboljim-studentima\/s3\/'><img loading=\"lazy\" decoding=\"async\" width=\"150\" height=\"150\" src=\"https:\/\/centralmedia.rs\/wp-content\/uploads\/2018\/12\/s3-150x150.jpg\" class=\"attachment-thumbnail size-thumbnail\" alt=\"\" \/><\/a>\n\t\t\t<\/div><\/figure><figure class='gallery-item'>\n\t\t\t<div class='gallery-icon landscape'>\n\t\t\t\t<a href='https:\/\/centralmedia.rs\/index.php\/2018\/12\/03\/urucene-novcane-nagrade-najboljim-studentima\/s4\/'><img loading=\"lazy\" decoding=\"async\" width=\"150\" height=\"150\" src=\"https:\/\/centralmedia.rs\/wp-content\/uploads\/2018\/12\/s4-150x150.jpg\" class=\"attachment-thumbnail size-thumbnail\" alt=\"\" \/><\/a>\n\t\t\t<\/div><\/figure>\n\t\t<\/div>\n\n<p>Nagrade je studentima uru\u010dio predsednik op\u0161tine Svilajnac Predrag Milanovi\u0107, koji je istakao da je op\u0161tina Svilajnac ponosna na ove mlade ljude.<br \/>\n&#8211; Trudimo se da stvaramo najbolje mogu\u0107e uslove za \u0161kolovanje ove dece, po\u010dev\u0161i od\u00a0vrti\u0107a pa sve do polaska na fakultet, da stvorimo tehni\u010dke uslove i na kraju da stimuli\u0161emo i nagra\u0111ujemo najbolje. Ovo nisu samo najbolji studenti Svilajnca, nego i najbolji studenti Srbije, rekao je Milanovi\u0107.<\/p>\n<p>Ovogodi\u0161nji nagra\u0111eni studenti su Aleksa Milosavljevi\u0107, An\u0111ela Stevi\u0107, Ljubica Ili\u0107, Bogdan Milo\u0161evi\u0107, Stefan Coli\u0107, Marija Coli\u0107, An\u0111ela Josi\u0107, Dragana Vasiljevi\u0107, Jovana Stokanovi\u0107, Sofija Jevremovi\u0107, Anica Bo\u0161kovi\u0107, Darko Nikoli\u0107, Aleksandra Nenkovi\u0107, Nata\u0161a Milo\u0161evi\u0107, Sa\u0161a Korunovi\u0107, Katarina Postolovi\u0107, Jelena Nikoli\u0107, Milo\u0161 Miladinovi\u0107, Julija Radosavljevi\u0107, Tamara Mladenovi\u0107, Viktorija Milovanovi\u0107, Maja Luki\u0107, Tamara Ra\u0161kovi\u0107, Jovana Korunovi\u0107, Ivana Stankovi\u0107, Milena Nikodijevi\u0107, Nemanja Arsenijevi\u0107, Branka Manasijevi\u0107, Zlatan Marinkovi\u0107, \u0110ur\u0111ica Markovi\u0107, Milo\u0161 Ili\u0107, Jelena Ra\u010di\u0107, Milica Marinkovi\u0107, Andrijana Dejanovi\u0107, An\u0111ela Mici\u0107, Milan \u0110or\u0111evi\u0107, Nikola Radovanovi\u0107, Maja Kri\u010dak, Jelena Stojkovi\u0107, Teodora Mici\u0107, Neda Neci\u0107, Emina Peri\u0107 Komnenovi\u0107, Damir Mu\u0161ovi\u0107, Nata\u0161a Postolovi\u0107, Katarina Vasi\u0107, Dajana Veljkovi\u0107, \u0110ur\u0111a Stanojevi\u0107, Milena Stanojevi\u0107, Jelica Popovi\u0107, Aleksandra \u0110or\u0111evi\u0107, Tamara \u0110uri\u0107, Igor Golubovi\u0107, Danijela Vasi\u0107, Nenad \u0110alovi\u0107, Milena Pani\u0107, Stefan Lazarevi\u0107, Darko Golubovi\u0107, Mladen Radojevi\u0107, Milan Komnenovi\u0107, Stevan Stojkovi\u0107 i Nevena Stevanovi\u0107.<\/p>\n","protected":false},"excerpt":{"rendered":"<p>SVILAJNAC- Op\u0161tina Svilajnac i ove godine uru\u010dila je nov\u010dane nagrade studentima koji imaju prosek iznad 9,00, a kojih je ove godine bilo 61. Novina je &hellip; <\/p>\n","protected":false},"author":2,"featured_media":15222,"comment_status":"open","ping_status":"open","sticky":false,"template":"","format":"standard","meta":{"footnotes":""},"categories":[14,1524,2,887,12,1517],"tags":[799,213,38],"_links":{"self":[{"href":"https:\/\/centralmedia.rs\/index.php\/wp-json\/wp\/v2\/posts\/15221"}],"collection":[{"href":"https:\/\/centralmedia.rs\/index.php\/wp-json\/wp\/v2\/posts"}],"about":[{"href":"https:\/\/centralmedia.rs\/index.php\/wp-json\/wp\/v2\/types\/post"}],"author":[{"embeddable":true,"href":"https:\/\/centralmedia.rs\/index.php\/wp-json\/wp\/v2\/users\/2"}],"replies":[{"embeddable":true,"href":"https:\/\/centralmedia.rs\/index.php\/wp-json\/wp\/v2\/comments?post=15221"}],"version-history":[{"count":1,"href":"https:\/\/centralmedia.rs\/index.php\/wp-json\/wp\/v2\/posts\/15221\/revisions"}],"predecessor-version":[{"id":15227,"href":"https:\/\/centralmedia.rs\/index.php\/wp-json\/wp\/v2\/posts\/15221\/revisions\/15227"}],"wp:featuredmedia":[{"embeddable":true,"href":"https:\/\/centralmedia.rs\/index.php\/wp-json\/wp\/v2\/media\/15222"}],"wp:attachment":[{"href":"https:\/\/centralmedia.rs\/index.php\/wp-json\/wp\/v2\/media?parent=15221"}],"wp:term":[{"taxonomy":"category","embeddable":true,"href":"https:\/\/centralmedia.rs\/index.php\/wp-json\/wp\/v2\/categories?post=15221"},{"taxonomy":"post_tag","embeddable":true,"href":"https:\/\/centralmedia.rs\/index.php\/wp-json\/wp\/v2\/tags?post=15221"}],"curies":[{"name":"wp","href":"https:\/\/api.w.org\/{rel}","templated":true}]}}