{"id":15258,"date":"2018-12-04T07:21:38","date_gmt":"2018-12-04T07:21:38","guid":{"rendered":"http:\/\/centralmedia.rs\/?p=15258"},"modified":"2018-12-05T19:02:17","modified_gmt":"2018-12-05T19:02:17","slug":"vavedenje-presvete-bogorodice-i-slava-manastira-hilandar","status":"publish","type":"post","link":"https:\/\/centralmedia.rs\/index.php\/2018\/12\/04\/vavedenje-presvete-bogorodice-i-slava-manastira-hilandar\/","title":{"rendered":"VAVEDENJE PRESVETE BOGORODICE I SLAVA MANASTIRA HILANDAR"},"content":{"rendered":"<p>Srpska pravoslavna crkva i vernici danas slave Vavedenje Presvete Bogorodice, jedan od najve\u0107ih praznika posve\u0107enih Bogomajci. Vavedenje je slava manastira Hilandar.<\/p>\n<div id='gallery-1' class='gallery galleryid-15258 gallery-columns-5 gallery-size-thumbnail'><figure class='gallery-item'>\n\t\t\t<div class='gallery-icon portrait'>\n\t\t\t\t<a href='https:\/\/centralmedia.rs\/index.php\/2018\/12\/04\/vavedenje-presvete-bogorodice-i-slava-manastira-hilandar\/hilandar-4\/'><img loading=\"lazy\" decoding=\"async\" width=\"150\" height=\"150\" src=\"https:\/\/centralmedia.rs\/wp-content\/uploads\/2018\/12\/hilandar-150x150.jpg\" class=\"attachment-thumbnail size-thumbnail\" alt=\"\" \/><\/a>\n\t\t\t<\/div><\/figure><figure class='gallery-item'>\n\t\t\t<div class='gallery-icon landscape'>\n\t\t\t\t<a href='https:\/\/centralmedia.rs\/index.php\/2018\/12\/04\/vavedenje-presvete-bogorodice-i-slava-manastira-hilandar\/iguman-metidije\/'><img loading=\"lazy\" decoding=\"async\" width=\"150\" height=\"150\" src=\"https:\/\/centralmedia.rs\/wp-content\/uploads\/2018\/12\/iguman-metidije-150x150.jpg\" class=\"attachment-thumbnail size-thumbnail\" alt=\"\" \/><\/a>\n\t\t\t<\/div><\/figure><figure class='gallery-item'>\n\t\t\t<div class='gallery-icon landscape'>\n\t\t\t\t<a href='https:\/\/centralmedia.rs\/index.php\/2018\/12\/04\/vavedenje-presvete-bogorodice-i-slava-manastira-hilandar\/slava-4\/'><img loading=\"lazy\" decoding=\"async\" width=\"150\" height=\"150\" src=\"https:\/\/centralmedia.rs\/wp-content\/uploads\/2018\/12\/slava-150x150.jpg\" class=\"attachment-thumbnail size-thumbnail\" alt=\"\" \/><\/a>\n\t\t\t<\/div><\/figure><figure class='gallery-item'>\n\t\t\t<div class='gallery-icon portrait'>\n\t\t\t\t<a href='https:\/\/centralmedia.rs\/index.php\/2018\/12\/04\/vavedenje-presvete-bogorodice-i-slava-manastira-hilandar\/ikona\/'><img loading=\"lazy\" decoding=\"async\" width=\"150\" height=\"150\" src=\"https:\/\/centralmedia.rs\/wp-content\/uploads\/2018\/12\/ikona-150x150.jpg\" class=\"attachment-thumbnail size-thumbnail\" alt=\"\" \/><\/a>\n\t\t\t<\/div><\/figure><figure class='gallery-item'>\n\t\t\t<div class='gallery-icon landscape'>\n\t\t\t\t<a href='https:\/\/centralmedia.rs\/index.php\/2018\/12\/04\/vavedenje-presvete-bogorodice-i-slava-manastira-hilandar\/preprema-slave\/'><img loading=\"lazy\" decoding=\"async\" width=\"150\" height=\"150\" src=\"https:\/\/centralmedia.rs\/wp-content\/uploads\/2018\/12\/preprema-slave-150x150.jpg\" class=\"attachment-thumbnail size-thumbnail\" alt=\"\" \/><\/a>\n\t\t\t<\/div><\/figure>\n\t\t<\/div>\n\n<p>Vavedenje, ili kako ga jo\u0161 zovu Sveta Pre\u010dista ili \u017denska Bogorodica je obele\u017eeno crvenim slovom u pravoslavnom kalendaru i spada me\u0111u 12 najve\u0107ih i najpo\u0161tovanijih hri\u0161\u0107anskih praznika.Taj praznik, obele\u017een crvenim slovom u bogoslu\u017ebenom kalendaru SPC kao zapovedni praznik, slavi se kao uspomena na dan kada je Bogorodica, u pratnji svojih roditelja Joakima i Ane, prvi put uvedena u hram Bo\u017eji.<\/p>\n<p><strong>Slava manastira Hilandar<\/strong><\/p>\n<p>Vavedenje je slava manastira Hilandar na Svetoj Gori, pa \u0107e bratsvo srpske carske lavre proslaviti praznik svoje za\u0161titnice i za\u0161titnice \u010ditavog Atosa.<\/p>\n<p>Prema predanju, Bogorodica je jedina \u017eena koja je stupila na tlo Svete Gore na svom misionarskom putovanju po povratku iz Svete Zemlje.<\/p>\n<p>Na pravoslavnim ikonama posve\u0107enim ovom prazniku slika se Bogorodica u pratnji devojaka sa upaljenim vo\u0161tanicama, a jedna od najlep\u0161ih predstava je slavska ikona manastira Hilandar.<\/p>\n<p>U Crkvi kralja Milutina u Studenici je jedna od najvrednijih i najbolje o\u010duvanih fresaka sa istom scenom Vavedenja.<br \/>\nNa slavskim ikonama Vavednja slika se tako\u0111e i scena iz jerusalimskog hrama, u kojoj trogodi\u0161nju Mariju i njene roditelje prima prvosve\u0161tenik Zaharija, otac Jovana Prete\u010de.<\/p>\n<p>Foto : Prijatelji Hilandara<\/p>\n","protected":false},"excerpt":{"rendered":"<p>Srpska pravoslavna crkva i vernici danas slave Vavedenje Presvete Bogorodice, jedan od najve\u0107ih praznika posve\u0107enih Bogomajci. Vavedenje je slava manastira Hilandar. Vavedenje, ili kako ga &hellip; <\/p>\n","protected":false},"author":2,"featured_media":15259,"comment_status":"open","ping_status":"open","sticky":false,"template":"","format":"standard","meta":{"footnotes":""},"categories":[14,2,12],"tags":[2513,150,3340],"_links":{"self":[{"href":"https:\/\/centralmedia.rs\/index.php\/wp-json\/wp\/v2\/posts\/15258"}],"collection":[{"href":"https:\/\/centralmedia.rs\/index.php\/wp-json\/wp\/v2\/posts"}],"about":[{"href":"https:\/\/centralmedia.rs\/index.php\/wp-json\/wp\/v2\/types\/post"}],"author":[{"embeddable":true,"href":"https:\/\/centralmedia.rs\/index.php\/wp-json\/wp\/v2\/users\/2"}],"replies":[{"embeddable":true,"href":"https:\/\/centralmedia.rs\/index.php\/wp-json\/wp\/v2\/comments?post=15258"}],"version-history":[{"count":1,"href":"https:\/\/centralmedia.rs\/index.php\/wp-json\/wp\/v2\/posts\/15258\/revisions"}],"predecessor-version":[{"id":15265,"href":"https:\/\/centralmedia.rs\/index.php\/wp-json\/wp\/v2\/posts\/15258\/revisions\/15265"}],"wp:featuredmedia":[{"embeddable":true,"href":"https:\/\/centralmedia.rs\/index.php\/wp-json\/wp\/v2\/media\/15259"}],"wp:attachment":[{"href":"https:\/\/centralmedia.rs\/index.php\/wp-json\/wp\/v2\/media?parent=15258"}],"wp:term":[{"taxonomy":"category","embeddable":true,"href":"https:\/\/centralmedia.rs\/index.php\/wp-json\/wp\/v2\/categories?post=15258"},{"taxonomy":"post_tag","embeddable":true,"href":"https:\/\/centralmedia.rs\/index.php\/wp-json\/wp\/v2\/tags?post=15258"}],"curies":[{"name":"wp","href":"https:\/\/api.w.org\/{rel}","templated":true}]}}