{"id":15300,"date":"2018-12-05T17:32:01","date_gmt":"2018-12-05T17:32:01","guid":{"rendered":"http:\/\/centralmedia.rs\/?p=15300"},"modified":"2018-12-08T21:28:29","modified_gmt":"2018-12-08T21:28:29","slug":"dan-zastitnika-gradana-u-paracinu","status":"publish","type":"post","link":"https:\/\/centralmedia.rs\/index.php\/2018\/12\/05\/dan-zastitnika-gradana-u-paracinu\/","title":{"rendered":"DAN ZA\u0160TITNIKA GRA\u0110ANA U PARA\u0106INU"},"content":{"rendered":"<p>PARA\u0106IN- Za\u0161titnik gra\u0111ana Zoran Pa\u0161ali\u0107 sa saradnicima, u petak 7. decembra, poseti\u0107e Para\u0107in u okviru kampanje \u201eDani ombudsmana\u201c.<\/p>\n<p><img loading=\"lazy\" decoding=\"async\" class=\"alignnone wp-image-15302 size-full\" src=\"http:\/\/centralmedia.rs\/wp-content\/uploads\/2018\/12\/a.jpg\" alt=\"\" width=\"1260\" height=\"260\" srcset=\"https:\/\/centralmedia.rs\/wp-content\/uploads\/2018\/12\/a.jpg 1260w, https:\/\/centralmedia.rs\/wp-content\/uploads\/2018\/12\/a-300x62.jpg 300w, https:\/\/centralmedia.rs\/wp-content\/uploads\/2018\/12\/a-768x158.jpg 768w, https:\/\/centralmedia.rs\/wp-content\/uploads\/2018\/12\/a-1024x211.jpg 1024w, https:\/\/centralmedia.rs\/wp-content\/uploads\/2018\/12\/a-640x132.jpg 640w, https:\/\/centralmedia.rs\/wp-content\/uploads\/2018\/12\/a-681x141.jpg 681w\" sizes=\"(max-width: 1260px) 100vw, 1260px\" \/><\/p>\n<p>DAN ZA\u0160TITNIKA GRA\u0110ANA<\/p>\n<p>&nbsp;<\/p>\n<p>10.00 \u2013 16.00 \u00a0Prijem pritu\u017ebi gra\u0111ana<\/p>\n<p>Zavi\u010dajni muzej, ul. Tome \u017divanovi\u0107a 17, direktor Branislav Stojanovi\u0107<\/p>\n<p>&nbsp;<\/p>\n<p>12.00 \u2013 13.00 \u00a0Sastanak sa zamenikom predsednika op\u0161tine gospodinom Tomislavom \u0160aleti\u0107em u kabinetu predsednika op\u0161tine<\/p>\n<p>zgrada op\u0161tine Para\u0107in, kabinet predsednika op\u0161tine, ul. Tome \u017divanovi\u0107a 10<\/p>\n<p>&nbsp;<\/p>\n<p>13.00 \u2013 14.00 Konferencija za medije<\/p>\n<p>zgrada op\u0161tine Para\u0107in, ispred kabineta predsednika op\u0161tine, ul. Tome \u017divanovi\u0107a 10<\/p>\n<p>&nbsp;<\/p>\n<p>14.00 \u2013 15.30 \u00a0Radni sastanak sa predstavnicima organa javne vlasti, javnih ustanova, preduze\u0107a i organizacijama civilnog dru\u0161tva<\/p>\n<p>zgrada op\u0161tine Para\u0107in, mala sala, ul. Tome \u017divanovi\u0107a 17<\/p>\n<div id='gallery-1' class='gallery galleryid-15300 gallery-columns-2 gallery-size-full'><figure class='gallery-item'>\n\t\t\t<div class='gallery-icon portrait'>\n\t\t\t\t<a href='https:\/\/centralmedia.rs\/index.php\/2018\/12\/05\/dan-zastitnika-gradana-u-paracinu\/zs1-2\/'><img loading=\"lazy\" decoding=\"async\" width=\"168\" height=\"260\" src=\"https:\/\/centralmedia.rs\/wp-content\/uploads\/2018\/12\/zs1.jpg\" class=\"attachment-full size-full\" alt=\"\" \/><\/a>\n\t\t\t<\/div><\/figure><figure class='gallery-item'>\n\t\t\t<div class='gallery-icon portrait'>\n\t\t\t\t<a href='https:\/\/centralmedia.rs\/index.php\/2018\/12\/05\/dan-zastitnika-gradana-u-paracinu\/zs2-2\/'><img loading=\"lazy\" decoding=\"async\" width=\"162\" height=\"260\" src=\"https:\/\/centralmedia.rs\/wp-content\/uploads\/2018\/12\/zs2.jpg\" class=\"attachment-full size-full\" alt=\"\" \/><\/a>\n\t\t\t<\/div><\/figure>\n\t\t<\/div>\n\n<p>&nbsp;<\/p>\n<p>&nbsp;<\/p>\n<p>&nbsp;<\/p>\n","protected":false},"excerpt":{"rendered":"<p>PARA\u0106IN- Za\u0161titnik gra\u0111ana Zoran Pa\u0161ali\u0107 sa saradnicima, u petak 7. decembra, poseti\u0107e Para\u0107in u okviru kampanje \u201eDani ombudsmana\u201c. DAN ZA\u0160TITNIKA GRA\u0110ANA &nbsp; 10.00 \u2013 16.00 &hellip; <\/p>\n","protected":false},"author":2,"featured_media":15301,"comment_status":"open","ping_status":"open","sticky":false,"template":"","format":"standard","meta":{"footnotes":""},"categories":[14,1524,2,1516,12],"tags":[156,1880],"_links":{"self":[{"href":"https:\/\/centralmedia.rs\/index.php\/wp-json\/wp\/v2\/posts\/15300"}],"collection":[{"href":"https:\/\/centralmedia.rs\/index.php\/wp-json\/wp\/v2\/posts"}],"about":[{"href":"https:\/\/centralmedia.rs\/index.php\/wp-json\/wp\/v2\/types\/post"}],"author":[{"embeddable":true,"href":"https:\/\/centralmedia.rs\/index.php\/wp-json\/wp\/v2\/users\/2"}],"replies":[{"embeddable":true,"href":"https:\/\/centralmedia.rs\/index.php\/wp-json\/wp\/v2\/comments?post=15300"}],"version-history":[{"count":1,"href":"https:\/\/centralmedia.rs\/index.php\/wp-json\/wp\/v2\/posts\/15300\/revisions"}],"predecessor-version":[{"id":15305,"href":"https:\/\/centralmedia.rs\/index.php\/wp-json\/wp\/v2\/posts\/15300\/revisions\/15305"}],"wp:featuredmedia":[{"embeddable":true,"href":"https:\/\/centralmedia.rs\/index.php\/wp-json\/wp\/v2\/media\/15301"}],"wp:attachment":[{"href":"https:\/\/centralmedia.rs\/index.php\/wp-json\/wp\/v2\/media?parent=15300"}],"wp:term":[{"taxonomy":"category","embeddable":true,"href":"https:\/\/centralmedia.rs\/index.php\/wp-json\/wp\/v2\/categories?post=15300"},{"taxonomy":"post_tag","embeddable":true,"href":"https:\/\/centralmedia.rs\/index.php\/wp-json\/wp\/v2\/tags?post=15300"}],"curies":[{"name":"wp","href":"https:\/\/api.w.org\/{rel}","templated":true}]}}