{"id":15311,"date":"2018-12-05T18:50:22","date_gmt":"2018-12-05T18:50:22","guid":{"rendered":"http:\/\/centralmedia.rs\/?p=15311"},"modified":"2018-12-05T18:50:22","modified_gmt":"2018-12-05T18:50:22","slug":"ucenicki-parlament-jagodinske-gimnazije-obelezen-dan-borbe-protiv-nasilja-nad-zenama","status":"publish","type":"post","link":"https:\/\/centralmedia.rs\/index.php\/2018\/12\/05\/ucenicki-parlament-jagodinske-gimnazije-obelezen-dan-borbe-protiv-nasilja-nad-zenama\/","title":{"rendered":"U\u010cENI\u010cKI PARLAMENT JAGODINSKE GIMNAZIJE &#8211; OBELE\u017dEN DAN BORBE PROTIV NASILJA NAD \u017dENAMA"},"content":{"rendered":"<p>JAGODINA- U\u010deni\u010dki parlament jagodinske Gimnazije danas je tribinom ,,Nisam kriva, ali koga briga&#8221; i prikazivanjem filma \u010diji su autori u\u010denici, obele\u017eili Me\u0111unarodni dan borbe protiv nasilja nad \u017eenama.<\/p>\n<div id='gallery-1' class='gallery galleryid-15311 gallery-columns-2 gallery-size-full'><figure class='gallery-item'>\n\t\t\t<div class='gallery-icon landscape'>\n\t\t\t\t<a href='https:\/\/centralmedia.rs\/index.php\/2018\/12\/05\/ucenicki-parlament-jagodinske-gimnazije-obelezen-dan-borbe-protiv-nasilja-nad-zenama\/nz\/'><img loading=\"lazy\" decoding=\"async\" width=\"1080\" height=\"662\" src=\"https:\/\/centralmedia.rs\/wp-content\/uploads\/2018\/12\/nz.jpg\" class=\"attachment-full size-full\" alt=\"\" srcset=\"https:\/\/centralmedia.rs\/wp-content\/uploads\/2018\/12\/nz.jpg 1080w, https:\/\/centralmedia.rs\/wp-content\/uploads\/2018\/12\/nz-300x184.jpg 300w, https:\/\/centralmedia.rs\/wp-content\/uploads\/2018\/12\/nz-768x471.jpg 768w, https:\/\/centralmedia.rs\/wp-content\/uploads\/2018\/12\/nz-1024x628.jpg 1024w, https:\/\/centralmedia.rs\/wp-content\/uploads\/2018\/12\/nz-685x420.jpg 685w, https:\/\/centralmedia.rs\/wp-content\/uploads\/2018\/12\/nz-640x392.jpg 640w, https:\/\/centralmedia.rs\/wp-content\/uploads\/2018\/12\/nz-681x417.jpg 681w\" sizes=\"(max-width: 1080px) 100vw, 1080px\" \/><\/a>\n\t\t\t<\/div><\/figure><figure class='gallery-item'>\n\t\t\t<div class='gallery-icon landscape'>\n\t\t\t\t<a href='https:\/\/centralmedia.rs\/index.php\/2018\/12\/05\/ucenicki-parlament-jagodinske-gimnazije-obelezen-dan-borbe-protiv-nasilja-nad-zenama\/nz1\/'><img loading=\"lazy\" decoding=\"async\" width=\"1080\" height=\"662\" src=\"https:\/\/centralmedia.rs\/wp-content\/uploads\/2018\/12\/nz1.jpg\" class=\"attachment-full size-full\" alt=\"\" srcset=\"https:\/\/centralmedia.rs\/wp-content\/uploads\/2018\/12\/nz1.jpg 1080w, https:\/\/centralmedia.rs\/wp-content\/uploads\/2018\/12\/nz1-300x184.jpg 300w, https:\/\/centralmedia.rs\/wp-content\/uploads\/2018\/12\/nz1-768x471.jpg 768w, https:\/\/centralmedia.rs\/wp-content\/uploads\/2018\/12\/nz1-1024x628.jpg 1024w, https:\/\/centralmedia.rs\/wp-content\/uploads\/2018\/12\/nz1-685x420.jpg 685w, https:\/\/centralmedia.rs\/wp-content\/uploads\/2018\/12\/nz1-640x392.jpg 640w, https:\/\/centralmedia.rs\/wp-content\/uploads\/2018\/12\/nz1-681x417.jpg 681w\" sizes=\"(max-width: 1080px) 100vw, 1080px\" \/><\/a>\n\t\t\t<\/div><\/figure>\n\t\t<\/div>\n\n<p>&#8211; Akcija se sprovodi u vidu 16 dana aktivizma u borbi protiv nasilja nad \u017eenama do 25. novembra do 10. decembra. Inicijativa je potekla od U\u010deni\u010dkog parlamenta, oni su imali \u017eelju da se akcija podigne na vi\u0161i nivo u smislu organizovanja tribine i izrade kratkih filmova. Izvr\u0161ili su dramatizaciju i prikaz razli\u010ditih oblika nasilja. Cilj tribine je da se u\u010denici upoznaju sa razli\u010ditim oblicima nasilja, jer se uglavnom govori o pishi\u010dkom i fizi\u010dkom nasilju, dok se ostali tipovi ne raspoznaju ve\u0107 se vezuju za tradicionalni polo\u017eaj \u017eene unutar porodice, kazala je profesor sociologije Marija Stanojevi\u0107.<\/p>\n<p>Predsednica vlade U\u010deni\u010dkog parlamenta Ma\u0161a Petrovi\u0107 moderirala je tribinu i zahvalila se profesorima koji su u\u010destvovali u njenoj pripremi, kao i u\u010denicima koji su u velikom broju prisustvovali i na taj na\u010din podr\u017eali rad ,,parlamentaraca&#8221;.<\/p>\n<p>&#8211; Tribina je posve\u0107ena nasilju nad \u017eenama i obele\u017eavanju Me\u0111unarodnog dana borbe protiv nasilja nad \u017eenama. \u010cu\u0107emo predavanje profesorke sociologije Marije Stanojevi\u0107 koja \u0107e nam dati dodatne podatke o nasilju i vrstama nasilja. Zatim \u0107emo pogledati filmove i zamolila bih vas da razmislite o tome i obratite pa\u017enju koji sve oblici nasilja postoje i doga\u0111aju ljudima, najvila je Ma\u0161a Petrovi\u0107.<\/p>\n<p>Posle prikazivanja filmova u\u010denici su diskutovali o temi nasilja.<\/p>\n<p>&nbsp;<\/p>\n","protected":false},"excerpt":{"rendered":"<p>JAGODINA- U\u010deni\u010dki parlament jagodinske Gimnazije danas je tribinom ,,Nisam kriva, ali koga briga&#8221; i prikazivanjem filma \u010diji su autori u\u010denici, obele\u017eili Me\u0111unarodni dan borbe protiv &hellip; <\/p>\n","protected":false},"author":2,"featured_media":15312,"comment_status":"open","ping_status":"open","sticky":false,"template":"","format":"standard","meta":{"footnotes":""},"categories":[1524,2,1514,23,30],"tags":[3345,58],"_links":{"self":[{"href":"https:\/\/centralmedia.rs\/index.php\/wp-json\/wp\/v2\/posts\/15311"}],"collection":[{"href":"https:\/\/centralmedia.rs\/index.php\/wp-json\/wp\/v2\/posts"}],"about":[{"href":"https:\/\/centralmedia.rs\/index.php\/wp-json\/wp\/v2\/types\/post"}],"author":[{"embeddable":true,"href":"https:\/\/centralmedia.rs\/index.php\/wp-json\/wp\/v2\/users\/2"}],"replies":[{"embeddable":true,"href":"https:\/\/centralmedia.rs\/index.php\/wp-json\/wp\/v2\/comments?post=15311"}],"version-history":[{"count":1,"href":"https:\/\/centralmedia.rs\/index.php\/wp-json\/wp\/v2\/posts\/15311\/revisions"}],"predecessor-version":[{"id":15315,"href":"https:\/\/centralmedia.rs\/index.php\/wp-json\/wp\/v2\/posts\/15311\/revisions\/15315"}],"wp:featuredmedia":[{"embeddable":true,"href":"https:\/\/centralmedia.rs\/index.php\/wp-json\/wp\/v2\/media\/15312"}],"wp:attachment":[{"href":"https:\/\/centralmedia.rs\/index.php\/wp-json\/wp\/v2\/media?parent=15311"}],"wp:term":[{"taxonomy":"category","embeddable":true,"href":"https:\/\/centralmedia.rs\/index.php\/wp-json\/wp\/v2\/categories?post=15311"},{"taxonomy":"post_tag","embeddable":true,"href":"https:\/\/centralmedia.rs\/index.php\/wp-json\/wp\/v2\/tags?post=15311"}],"curies":[{"name":"wp","href":"https:\/\/api.w.org\/{rel}","templated":true}]}}