{"id":1536,"date":"2015-12-15T11:17:28","date_gmt":"2015-12-15T11:17:28","guid":{"rendered":"http:\/\/centralmedia.rs\/?p=1536"},"modified":"2015-12-15T11:17:28","modified_gmt":"2015-12-15T11:17:28","slug":"jagodina-medu-zasluznima-za-evropski-put-srbije","status":"publish","type":"post","link":"https:\/\/centralmedia.rs\/index.php\/2015\/12\/15\/jagodina-medu-zasluznima-za-evropski-put-srbije\/","title":{"rendered":"JAGODINA ME\u0110U ZASLU\u017dNIMA ZA EVROPSKI PUT SRBIJE"},"content":{"rendered":"<p>PALMA \u010cESTITAO VU\u010cI\u0106I<br \/>\nJAGODINA-Predsednik Jedinstvene Srbije i narodni poslanik Dragan Markovi\u0107 Palma \u010destitao je Vladi Srbije i premijeru Aleksandru Vu\u010di\u0107u na otvaranju prvih pregovara\u010dkih poglavlja sa Evropskom Unijom.<br \/>\n\t-To je veliki dan za Srbiju. Ponosni smo \u0161to je koalicija SPS-PUPS-JS-Ivica Da\u010di\u0107 dala veliki doprinos ovom uspehu, nizom hrabrih i odgovornih odluka, koje je donosila od 2008 godine.Po\u010detak pristupnih pregovora je dokaz ispravne politike koju vodi Vlada Srbije na \u010delu sa premijerom Vu\u010di\u0107em, istakao je Markovi\u0107 u pisanom saop\u0161tenju za javnost.<br \/>\n-Odbacivanje Rezolucije o Srebrnici, spre\u010davanje Kosova da postane \u010dlanica UNESKO, Ministarski sastanak  OEBS, ekonomska stabilnost\u2026 su kapitalni uspesi premijera i vlade, podsetio je on i dodao  da je po\u010detak pregovora kruna svega toga.<br \/>\n\t-Izuzetno dobri odnosi sa SAD, Rusijom ,Kinom, Nema\u010dkom i EU daju zeleno svetlo za dovo\u0111enje investitora i otvaranje novih radnih mesta, naveo je Markovi\u0107.<br \/>\nOn je podsetio javnost da je proevropska vlada 2008 godine ,,napravljena\u201d u Jagodini i na svoju izjavu da se ,,Patriotizam ne sipa u traktor\u201d.<br \/>\n\t-Jagodina je bila va\u017ena ta\u010dka na evropskom putu Srbije  i dala je veliki doprinos za po\u010detak pregovora, zaklju\u010dio je Markovi\u0107.<\/p>\n","protected":false},"excerpt":{"rendered":"<p>PALMA \u010cESTITAO VU\u010cI\u0106I JAGODINA-Predsednik Jedinstvene Srbije i narodni poslanik Dragan Markovi\u0107 Palma \u010destitao je Vladi Srbije i premijeru Aleksandru Vu\u010di\u0107u na otvaranju prvih pregovara\u010dkih poglavlja &hellip; <\/p>\n","protected":false},"author":4,"featured_media":1537,"comment_status":"open","ping_status":"open","sticky":false,"template":"","format":"standard","meta":{"footnotes":""},"categories":[2,13,12],"tags":[353,58,120,63],"_links":{"self":[{"href":"https:\/\/centralmedia.rs\/index.php\/wp-json\/wp\/v2\/posts\/1536"}],"collection":[{"href":"https:\/\/centralmedia.rs\/index.php\/wp-json\/wp\/v2\/posts"}],"about":[{"href":"https:\/\/centralmedia.rs\/index.php\/wp-json\/wp\/v2\/types\/post"}],"author":[{"embeddable":true,"href":"https:\/\/centralmedia.rs\/index.php\/wp-json\/wp\/v2\/users\/4"}],"replies":[{"embeddable":true,"href":"https:\/\/centralmedia.rs\/index.php\/wp-json\/wp\/v2\/comments?post=1536"}],"version-history":[{"count":0,"href":"https:\/\/centralmedia.rs\/index.php\/wp-json\/wp\/v2\/posts\/1536\/revisions"}],"wp:featuredmedia":[{"embeddable":true,"href":"https:\/\/centralmedia.rs\/index.php\/wp-json\/wp\/v2\/media\/1537"}],"wp:attachment":[{"href":"https:\/\/centralmedia.rs\/index.php\/wp-json\/wp\/v2\/media?parent=1536"}],"wp:term":[{"taxonomy":"category","embeddable":true,"href":"https:\/\/centralmedia.rs\/index.php\/wp-json\/wp\/v2\/categories?post=1536"},{"taxonomy":"post_tag","embeddable":true,"href":"https:\/\/centralmedia.rs\/index.php\/wp-json\/wp\/v2\/tags?post=1536"}],"curies":[{"name":"wp","href":"https:\/\/api.w.org\/{rel}","templated":true}]}}