{"id":15416,"date":"2018-12-14T09:38:25","date_gmt":"2018-12-14T09:38:25","guid":{"rendered":"http:\/\/centralmedia.rs\/?p=15416"},"modified":"2018-12-17T21:48:18","modified_gmt":"2018-12-17T21:48:18","slug":"slava-gastro-slavska-povelja-i-zlatna-medalja-tehnickoj-skoli-u-despotovcu-zlatne-medalje-osvojilo-petoro-ucenika","status":"publish","type":"post","link":"https:\/\/centralmedia.rs\/index.php\/2018\/12\/14\/slava-gastro-slavska-povelja-i-zlatna-medalja-tehnickoj-skoli-u-despotovcu-zlatne-medalje-osvojilo-petoro-ucenika\/","title":{"rendered":"SLAVA GASTRO &#8211; Slavska povelja i zlatna medalja Tehni\u010dkoj \u0161koli u Despotovcu, zlatne medalje osvojilo petoro u\u010denika"},"content":{"rendered":"<p>DESPOTOVAC-\u00a0N<strong>a <\/strong>23. me\u0111unarodnom takmi\u010denju &#8220;Slava Gastro&#8221;, Slavska povelja i zlatna medalja pripale su Tehni\u010dkoj \u0161koli u Despotovcu, a zlatne medalje osvojilo petoro u\u010denika. Takmi\u010denje je odr\u017eano pod okriljem SACEN INTERNACIONAL FEDERACIJE\u00a0 za isto\u010dnu evropu i zapadni Balkan sa sedi\u0161tem u Beogradu, u prostorijama Hotela Palace u Beogradu.\u00a0Na ovaj na\u010din Tehni\u010dka \u0161kola je odbranila zlatnu medalju od pro\u0161le godine i potvrdila da nagrade nisu slu\u010dajnost. Tim tehni\u010dke \u0161kole \u010dinili su Dejan Novakovi\u0107, profesor kuvarstva i mentor, u\u010denici druge godine smer kuvar Kristina Ili\u0107 i Miljana Stojanovi\u0107 kao i u\u010denici tre\u0107e godine smer kuvar Radica \u0110ur\u0111evi\u0107, Aleksandra Markovi\u0107 i Stefan Radosavljevi\u0107. Profesor Dejan Novakovi\u0107 je progla\u0161en za najboljeg profesora kuvarstva u 2018. godini od SACEN INTERNACIONAL federacije i dobio je slavsku povelju, sa zlatnom medaljom i zlatnim peharom.\u00a0U\u010denici sa svojim profesorom za takmi\u010denje pripremili su 60 jela, servirana u zemljanim i drvenim posuda u etno stilu.<\/p>\n<p><img loading=\"lazy\" decoding=\"async\" class=\"alignnone wp-image-15418 size-full\" src=\"http:\/\/centralmedia.rs\/wp-content\/uploads\/2018\/12\/kuvari-1.jpg\" alt=\"\" width=\"960\" height=\"720\" srcset=\"https:\/\/centralmedia.rs\/wp-content\/uploads\/2018\/12\/kuvari-1.jpg 960w, https:\/\/centralmedia.rs\/wp-content\/uploads\/2018\/12\/kuvari-1-300x225.jpg 300w, https:\/\/centralmedia.rs\/wp-content\/uploads\/2018\/12\/kuvari-1-768x576.jpg 768w, https:\/\/centralmedia.rs\/wp-content\/uploads\/2018\/12\/kuvari-1-560x420.jpg 560w, https:\/\/centralmedia.rs\/wp-content\/uploads\/2018\/12\/kuvari-1-80x60.jpg 80w, https:\/\/centralmedia.rs\/wp-content\/uploads\/2018\/12\/kuvari-1-100x75.jpg 100w, https:\/\/centralmedia.rs\/wp-content\/uploads\/2018\/12\/kuvari-1-180x135.jpg 180w, https:\/\/centralmedia.rs\/wp-content\/uploads\/2018\/12\/kuvari-1-238x178.jpg 238w, https:\/\/centralmedia.rs\/wp-content\/uploads\/2018\/12\/kuvari-1-640x480.jpg 640w, https:\/\/centralmedia.rs\/wp-content\/uploads\/2018\/12\/kuvari-1-681x511.jpg 681w\" sizes=\"(max-width: 960px) 100vw, 960px\" \/><\/p>\n<p>&#8211; Ceo aran\u017eman po\u010dev\u0161i od na\u010dina pripreme pa sve do serviranja bio je u resavsko &#8211; vla\u0161kom stilu.\u00a0 Pored pripreme i serviranja vodilo se ra\u010duna i o na\u010dinu postavljanja i aran\u017eiranju stola te je sve postavljeno na ve\u017eenim stolnjacima i starinskim \u010dergama uz performans koji je uklju\u010divao estetske detalje kao \u0161to su: starinski fenjer, kupica, \u0107up, \u0107up\u010de, bardak, drvena sovra, buklija, kao i razne vrste vrgova i \u0161u\u0107uraka. Sve ovo je predstavljalo autenti\u010dnu starosrpsku slavu u resavskim krajevima. U\u010denici su izveli performans tradicionalnog do\u010deka gostiju, jedan u\u010denik i u\u010denica su bili doma\u0107ini slave i bili obu\u010deni u tradiocinoalnu narodnu resavsku no\u0161nju a troje kuvara su bili obu\u010deni u kuvarsku uniformu, palili smo sve\u0107u, koristili smo kadionicu sa tamjanom i briketom. Jela su bila posna i mrsna, ka\u017ee Novakovi\u0107.<\/p>\n<p>Sve ovo je ostavilo jak utisak na peto\u010dlani \u017eiri sastavljen od eminentnih stru\u010dnjaka iz oblasti gastronomije, pa nisu izostale ni nagrade.<\/p>\n<p>&nbsp;<\/p>\n","protected":false},"excerpt":{"rendered":"<p>DESPOTOVAC-\u00a0Na 23. me\u0111unarodnom takmi\u010denju &#8220;Slava Gastro&#8221;, Slavska povelja i zlatna medalja pripale su Tehni\u010dkoj \u0161koli u Despotovcu, a zlatne medalje osvojilo petoro u\u010denika. Takmi\u010denje je &hellip; <\/p>\n","protected":false},"author":2,"featured_media":15417,"comment_status":"open","ping_status":"open","sticky":false,"template":"","format":"standard","meta":{"footnotes":""},"categories":[1518,1524,23,30],"tags":[51,2414,2558],"_links":{"self":[{"href":"https:\/\/centralmedia.rs\/index.php\/wp-json\/wp\/v2\/posts\/15416"}],"collection":[{"href":"https:\/\/centralmedia.rs\/index.php\/wp-json\/wp\/v2\/posts"}],"about":[{"href":"https:\/\/centralmedia.rs\/index.php\/wp-json\/wp\/v2\/types\/post"}],"author":[{"embeddable":true,"href":"https:\/\/centralmedia.rs\/index.php\/wp-json\/wp\/v2\/users\/2"}],"replies":[{"embeddable":true,"href":"https:\/\/centralmedia.rs\/index.php\/wp-json\/wp\/v2\/comments?post=15416"}],"version-history":[{"count":2,"href":"https:\/\/centralmedia.rs\/index.php\/wp-json\/wp\/v2\/posts\/15416\/revisions"}],"predecessor-version":[{"id":15420,"href":"https:\/\/centralmedia.rs\/index.php\/wp-json\/wp\/v2\/posts\/15416\/revisions\/15420"}],"wp:featuredmedia":[{"embeddable":true,"href":"https:\/\/centralmedia.rs\/index.php\/wp-json\/wp\/v2\/media\/15417"}],"wp:attachment":[{"href":"https:\/\/centralmedia.rs\/index.php\/wp-json\/wp\/v2\/media?parent=15416"}],"wp:term":[{"taxonomy":"category","embeddable":true,"href":"https:\/\/centralmedia.rs\/index.php\/wp-json\/wp\/v2\/categories?post=15416"},{"taxonomy":"post_tag","embeddable":true,"href":"https:\/\/centralmedia.rs\/index.php\/wp-json\/wp\/v2\/tags?post=15416"}],"curies":[{"name":"wp","href":"https:\/\/api.w.org\/{rel}","templated":true}]}}