{"id":15427,"date":"2018-12-14T10:36:58","date_gmt":"2018-12-14T10:36:58","guid":{"rendered":"http:\/\/centralmedia.rs\/?p=15427"},"modified":"2018-12-14T10:36:58","modified_gmt":"2018-12-14T10:36:58","slug":"6-rodendan-noutima-vii-regionalni-sajam-obrazovanja-nou-fest-cuprija-2019","status":"publish","type":"post","link":"https:\/\/centralmedia.rs\/index.php\/2018\/12\/14\/6-rodendan-noutima-vii-regionalni-sajam-obrazovanja-nou-fest-cuprija-2019\/","title":{"rendered":"6. RO\u0110ENDAN NOUTIMA- VII Regionalni sajam obrazovanja \u2013 NOU fest, \u0106uprija 2019."},"content":{"rendered":"<p>Regionalni tim podr\u0161ke za nauku, obrazovanje i umetnost \u201eNOU TIM\u201c 12.decembra proslavio je \u00a0svoj 6. ro\u0111endan. U proteklih \u0161est godina, NOU tim je organizovao na desetine razli\u010ditih doga\u0111aja u Pomoravlju.<\/p>\n<p>Neke od manifestacija imaju vi\u0161egodi\u0161nji kontinuitet poput \u00a0NOUFEST-a, najve\u0107eg \u00a0Sajma obrazovanja u centralnoj Srbiji, evropske manifestacije \u201eNo\u0107 istra\u017eiva\u010da\u201c, projekta \u201cMuzika u praksi\u201c, Festivala nauke, i\u00a0 velikog broja predavanja, festivala, nau\u010dnih radionica i promocija.<\/p>\n<p>Uspe\u0161an NOU tim \u010dini 7 \u010dlanova, iz nekoliko gradova u Pomoravlju, koji svoju snagu i okosnicu delovanja vidi u stalnom prilivu velikog broja volontera i saradnika iz mnogobrojnih \u00a0\u0161kola i obrazovnih institucija sa teritorije \u00a0Pomoravskog okruga i \u0161ire.<\/p>\n<p>Do sada je na razli\u010ditim projektima u\u010destvovalo preko hiljadu volontera, saradnika i kolega!<\/p>\n<p>Jedan od projekata na koji smo posebno ponosni je NOU FEST &#8211; Sajam obrazovanja, koji je vremenom postao li\u010dna karta NOU Tim-a.<\/p>\n<p>Sedmi \u00a0Regionalni sajam obrazovanja \u2013 NOU fest 2019 bi\u0107e odr\u017ean 14. i 15. marta 2019. godine, u hali sportova \u201eADA\u201c u \u0106upriji.<\/p>\n<p>Prvi dan NOUfesta, po pravilu je rezervisan za promociju velikog broja fakulteta i visokih \u0161kola sa svih univerziteta u Srbiji.<\/p>\n<p>Drugog dana bi\u0107e odr\u017ean tradicionalni Sajam zapo\u0161ljavanja , a svoje obrazovne profile predstavi\u0107e sve srednje \u0161kole Pomoravskog okruga.<\/p>\n<p>U narednom periodu najavi\u0107emo i termine odr\u017eavanja predavanja i nau\u010dnih radionica, koje su svih ovih godina neizostavni deo NOUfesta.<\/p>\n<p>Vidimo se 14. i 15. Marta!<\/p>\n","protected":false},"excerpt":{"rendered":"<p>Regionalni tim podr\u0161ke za nauku, obrazovanje i umetnost \u201eNOU TIM\u201c 12.decembra proslavio je \u00a0svoj 6. ro\u0111endan. U proteklih \u0161est godina, NOU tim je organizovao na &hellip; <\/p>\n","protected":false},"author":2,"featured_media":15428,"comment_status":"open","ping_status":"open","sticky":false,"template":"","format":"standard","meta":{"footnotes":""},"categories":[1515,1524,2,23,30],"tags":[44,3358,604],"_links":{"self":[{"href":"https:\/\/centralmedia.rs\/index.php\/wp-json\/wp\/v2\/posts\/15427"}],"collection":[{"href":"https:\/\/centralmedia.rs\/index.php\/wp-json\/wp\/v2\/posts"}],"about":[{"href":"https:\/\/centralmedia.rs\/index.php\/wp-json\/wp\/v2\/types\/post"}],"author":[{"embeddable":true,"href":"https:\/\/centralmedia.rs\/index.php\/wp-json\/wp\/v2\/users\/2"}],"replies":[{"embeddable":true,"href":"https:\/\/centralmedia.rs\/index.php\/wp-json\/wp\/v2\/comments?post=15427"}],"version-history":[{"count":1,"href":"https:\/\/centralmedia.rs\/index.php\/wp-json\/wp\/v2\/posts\/15427\/revisions"}],"predecessor-version":[{"id":15429,"href":"https:\/\/centralmedia.rs\/index.php\/wp-json\/wp\/v2\/posts\/15427\/revisions\/15429"}],"wp:featuredmedia":[{"embeddable":true,"href":"https:\/\/centralmedia.rs\/index.php\/wp-json\/wp\/v2\/media\/15428"}],"wp:attachment":[{"href":"https:\/\/centralmedia.rs\/index.php\/wp-json\/wp\/v2\/media?parent=15427"}],"wp:term":[{"taxonomy":"category","embeddable":true,"href":"https:\/\/centralmedia.rs\/index.php\/wp-json\/wp\/v2\/categories?post=15427"},{"taxonomy":"post_tag","embeddable":true,"href":"https:\/\/centralmedia.rs\/index.php\/wp-json\/wp\/v2\/tags?post=15427"}],"curies":[{"name":"wp","href":"https:\/\/api.w.org\/{rel}","templated":true}]}}