{"id":15455,"date":"2018-12-15T18:53:30","date_gmt":"2018-12-15T18:53:30","guid":{"rendered":"http:\/\/centralmedia.rs\/?p=15455"},"modified":"2018-12-17T21:49:52","modified_gmt":"2018-12-17T21:49:52","slug":"u-2019-godini-kapitalne-investicije-u-cupriji","status":"publish","type":"post","link":"https:\/\/centralmedia.rs\/index.php\/2018\/12\/15\/u-2019-godini-kapitalne-investicije-u-cupriji\/","title":{"rendered":"U 2019. GODINI &#8211; KAPITALNE INVESTICIJE U \u0106UPRIJI"},"content":{"rendered":"<p>\u0106UPRIJA- U 2019. godini \u0106upriju o\u010dekuje po\u010detak i zavr\u0161etak nekoliko kapitalnih investicija.<\/p>\n<p>&#8211; Slede\u0107u godinu obele\u017ei\u0107e izgradnja Atletskog centra Srbij, izgradnja stadiona je po\u010dela i zavr\u0161etak je planiran do kraja slede\u0107e godine. Druga faza je dvorana i 2020. godine po\u010dinjemo izgradnju, najavio je predsednik te op\u0161tine Ninoslav Eri\u0107.<\/p>\n<p>Bitan projekat je rekonstrukcija ulice Kneza Milo\u0161a, prvu fazu finasira\u0107e Ministarstvo privrede. U planu je izgradnja trotoara u ulici Cara Lazara. Izrada projektno tehni\u010dke dokumentacije za izgradnju novog mosta preko Velike Morave, to \u0107e finansirati Putevi Srbije.<\/p>\n<p>&#8211; Izrada spomenika Caru Lazaru povodom 630 godina od Kosovskog boja. Spomenik \u0107e biti postavljen na ulazu u \u0106upriju iz pravca autoputa. Zavr\u0161etak \u00a0plana detaljne regulacije zone Dobri\u010devo, centralna industrijska zona, koja \u0107e biti najve\u0107a u Srbiji. Radimo sa Vladom Srbije na ovom projektu. Feka automotiv kre\u0107e sa realizacijom svog projekta i o\u010dekujemo da do kraja slede\u0107e godine zavr\u0161e izgradnju i zapo\u010dnu proizvodnju, navodi Eri\u0107.<\/p>\n<p>Zapo\u010dinje realizacija infrastruktirnih projekata, koji je okosnica Strategije razvoja \u0106uprije 2019.-2023. godina.<\/p>\n<p>&#8211; Generalni projekat za vodosnabdevanje grada i svih sela bi\u0107e prezentovan gra\u0111anima do kraja slede\u0107e godine. To \u0107e biti realizovano po fazama, zaklju\u010dio je Eri\u0107.<\/p>\n","protected":false},"excerpt":{"rendered":"<p>\u0106UPRIJA- U 2019. godini \u0106upriju o\u010dekuje po\u010detak i zavr\u0161etak nekoliko kapitalnih investicija. &#8211; Slede\u0107u godinu obele\u017ei\u0107e izgradnja Atletskog centra Srbij, izgradnja stadiona je po\u010dela i &hellip; <\/p>\n","protected":false},"author":2,"featured_media":10848,"comment_status":"open","ping_status":"open","sticky":false,"template":"","format":"standard","meta":{"footnotes":""},"categories":[1515,1524,2,13,887,12],"tags":[3362,1533,44,759],"_links":{"self":[{"href":"https:\/\/centralmedia.rs\/index.php\/wp-json\/wp\/v2\/posts\/15455"}],"collection":[{"href":"https:\/\/centralmedia.rs\/index.php\/wp-json\/wp\/v2\/posts"}],"about":[{"href":"https:\/\/centralmedia.rs\/index.php\/wp-json\/wp\/v2\/types\/post"}],"author":[{"embeddable":true,"href":"https:\/\/centralmedia.rs\/index.php\/wp-json\/wp\/v2\/users\/2"}],"replies":[{"embeddable":true,"href":"https:\/\/centralmedia.rs\/index.php\/wp-json\/wp\/v2\/comments?post=15455"}],"version-history":[{"count":1,"href":"https:\/\/centralmedia.rs\/index.php\/wp-json\/wp\/v2\/posts\/15455\/revisions"}],"predecessor-version":[{"id":15456,"href":"https:\/\/centralmedia.rs\/index.php\/wp-json\/wp\/v2\/posts\/15455\/revisions\/15456"}],"wp:featuredmedia":[{"embeddable":true,"href":"https:\/\/centralmedia.rs\/index.php\/wp-json\/wp\/v2\/media\/10848"}],"wp:attachment":[{"href":"https:\/\/centralmedia.rs\/index.php\/wp-json\/wp\/v2\/media?parent=15455"}],"wp:term":[{"taxonomy":"category","embeddable":true,"href":"https:\/\/centralmedia.rs\/index.php\/wp-json\/wp\/v2\/categories?post=15455"},{"taxonomy":"post_tag","embeddable":true,"href":"https:\/\/centralmedia.rs\/index.php\/wp-json\/wp\/v2\/tags?post=15455"}],"curies":[{"name":"wp","href":"https:\/\/api.w.org\/{rel}","templated":true}]}}