{"id":15460,"date":"2018-12-15T19:06:24","date_gmt":"2018-12-15T19:06:24","guid":{"rendered":"http:\/\/centralmedia.rs\/?p=15460"},"modified":"2018-12-17T21:50:20","modified_gmt":"2018-12-17T21:50:20","slug":"led-rasveta-u-paracinu-stede-novac-gradana","status":"publish","type":"post","link":"https:\/\/centralmedia.rs\/index.php\/2018\/12\/15\/led-rasveta-u-paracinu-stede-novac-gradana\/","title":{"rendered":"LED RASVETA U PARA\u0106INU &#8211; \u0160TEDE NOVAC GRA\u0110ANA"},"content":{"rendered":"<p>PARA\u0106IN- Direktor para\u0107inske Direkcije za izgradnju Aleksandar Milojkovi\u0107 najavio je da \u0107e ove godine celokupna rasveta u selima i gradu biti zamenjena led rasvetom, \u0161to \u0107e uticati na ni\u017ee ra\u010dune za utro\u0161enu struju.<\/p>\n<p>-Deo odr\u017eavanja i zamene uli\u010dnih sijalica bi\u0107e poveren privatnom partneru na tenderu. To \u0107e se desiti u aprilu ili maju. Bi\u0107e zamenjeno 6.100 sijalica u seoskim mesnim zajednicama, a u gradskim je Direkcija ve\u0107i broj sijalica zamenila, ostalo je jo\u0161 1.000 da se zamene led rasvetom u toku godine. Zaokru\u017ei\u0107emo taj deo da sve sijalice budu led i da pla\u0107amo manje ra\u010dune za struju, rekao je Milojkovi\u0107.<\/p>\n<p>Na sednici Op\u0161tinskog ve\u0107a Para\u0107ina, koja je odr\u017eana u septembru nedelje, bio je predlog projekta javno-privatnog partnerstva na rekonstrukciji\u00a0javnog osvetljenja, koji je podnela firma \u201eEsko Elios\u201c iz\u00a0Novog Sada. Predstavnici ove firme predstavili su najva\u017enije delove svog projekta, a na sli\u010dnima ve\u0107 rade u desetak op\u0161tina u Srbiji. Ponudili su zamenu vi\u0161e od 8.000 postoje\u0107ih svetiljki na teritoriji op\u0161tine\u00a0Para\u0107in\u00a0led rasvetom, koja tro\u0161i daleko manje struje, a iz u\u0161tede u struji tokom vi\u0161e godina \u0107e se obaviti zamena kompletne\u00a0javne rasvete, tako da\u00a0Op\u0161tina Para\u0107in\u00a0ni dinar ne mora da investira unapred, a sav rizik je na privatnom partneru.<\/p>\n","protected":false},"excerpt":{"rendered":"<p>PARA\u0106IN- Direktor para\u0107inske Direkcije za izgradnju Aleksandar Milojkovi\u0107 najavio je da \u0107e ove godine celokupna rasveta u selima i gradu biti zamenjena led rasvetom, \u0161to &hellip; <\/p>\n","protected":false},"author":2,"featured_media":15461,"comment_status":"open","ping_status":"open","sticky":false,"template":"","format":"standard","meta":{"footnotes":""},"categories":[1524,2,1516,13,12],"tags":[3364,156],"_links":{"self":[{"href":"https:\/\/centralmedia.rs\/index.php\/wp-json\/wp\/v2\/posts\/15460"}],"collection":[{"href":"https:\/\/centralmedia.rs\/index.php\/wp-json\/wp\/v2\/posts"}],"about":[{"href":"https:\/\/centralmedia.rs\/index.php\/wp-json\/wp\/v2\/types\/post"}],"author":[{"embeddable":true,"href":"https:\/\/centralmedia.rs\/index.php\/wp-json\/wp\/v2\/users\/2"}],"replies":[{"embeddable":true,"href":"https:\/\/centralmedia.rs\/index.php\/wp-json\/wp\/v2\/comments?post=15460"}],"version-history":[{"count":1,"href":"https:\/\/centralmedia.rs\/index.php\/wp-json\/wp\/v2\/posts\/15460\/revisions"}],"predecessor-version":[{"id":15462,"href":"https:\/\/centralmedia.rs\/index.php\/wp-json\/wp\/v2\/posts\/15460\/revisions\/15462"}],"wp:featuredmedia":[{"embeddable":true,"href":"https:\/\/centralmedia.rs\/index.php\/wp-json\/wp\/v2\/media\/15461"}],"wp:attachment":[{"href":"https:\/\/centralmedia.rs\/index.php\/wp-json\/wp\/v2\/media?parent=15460"}],"wp:term":[{"taxonomy":"category","embeddable":true,"href":"https:\/\/centralmedia.rs\/index.php\/wp-json\/wp\/v2\/categories?post=15460"},{"taxonomy":"post_tag","embeddable":true,"href":"https:\/\/centralmedia.rs\/index.php\/wp-json\/wp\/v2\/tags?post=15460"}],"curies":[{"name":"wp","href":"https:\/\/api.w.org\/{rel}","templated":true}]}}