{"id":15491,"date":"2018-12-18T10:45:42","date_gmt":"2018-12-18T10:45:42","guid":{"rendered":"http:\/\/centralmedia.rs\/?p=15491"},"modified":"2018-12-18T10:45:42","modified_gmt":"2018-12-18T10:45:42","slug":"izlozba-novogodisnjih-cestitki","status":"publish","type":"post","link":"https:\/\/centralmedia.rs\/index.php\/2018\/12\/18\/izlozba-novogodisnjih-cestitki\/","title":{"rendered":"IZLO\u017dBA NOVOGODI\u0160NJIH \u010cESTITKI"},"content":{"rendered":"<p>PARA\u0106IN- U holu para\u0107inske Biblioteke otvorena je tradicionalna 31. Izlo\u017eba novogodi\u0161njih \u010destitki. Izlo\u017eeno je preko 500 unikatnih \u010destitki koje su dizajnirali u\u010denici O\u0160 Radoje Domanovi\u0107 sa nastavnikom likovne kulture Sre\u0107kom Zdravkovi\u0107em. Na taj na\u010din oni su sugra\u0111anima me\u0111u prvima po\u017eeleli sre\u0107nu Novu godinu.<\/p>\n<div id='gallery-1' class='gallery galleryid-15491 gallery-columns-2 gallery-size-full'><figure class='gallery-item'>\n\t\t\t<div class='gallery-icon landscape'>\n\t\t\t\t<a href='https:\/\/centralmedia.rs\/index.php\/2018\/12\/18\/izlozba-novogodisnjih-cestitki\/nc-1\/'><img loading=\"lazy\" decoding=\"async\" width=\"1600\" height=\"900\" src=\"https:\/\/centralmedia.rs\/wp-content\/uploads\/2018\/12\/nc-1.jpg\" class=\"attachment-full size-full\" alt=\"\" srcset=\"https:\/\/centralmedia.rs\/wp-content\/uploads\/2018\/12\/nc-1.jpg 1600w, https:\/\/centralmedia.rs\/wp-content\/uploads\/2018\/12\/nc-1-300x169.jpg 300w, https:\/\/centralmedia.rs\/wp-content\/uploads\/2018\/12\/nc-1-768x432.jpg 768w, https:\/\/centralmedia.rs\/wp-content\/uploads\/2018\/12\/nc-1-1024x576.jpg 1024w, https:\/\/centralmedia.rs\/wp-content\/uploads\/2018\/12\/nc-1-747x420.jpg 747w, https:\/\/centralmedia.rs\/wp-content\/uploads\/2018\/12\/nc-1-640x360.jpg 640w, https:\/\/centralmedia.rs\/wp-content\/uploads\/2018\/12\/nc-1-681x383.jpg 681w\" sizes=\"(max-width: 1600px) 100vw, 1600px\" \/><\/a>\n\t\t\t<\/div><\/figure><figure class='gallery-item'>\n\t\t\t<div class='gallery-icon landscape'>\n\t\t\t\t<a href='https:\/\/centralmedia.rs\/index.php\/2018\/12\/18\/izlozba-novogodisnjih-cestitki\/nc-2\/'><img loading=\"lazy\" decoding=\"async\" width=\"1600\" height=\"900\" src=\"https:\/\/centralmedia.rs\/wp-content\/uploads\/2018\/12\/nc-2.jpg\" class=\"attachment-full size-full\" alt=\"\" srcset=\"https:\/\/centralmedia.rs\/wp-content\/uploads\/2018\/12\/nc-2.jpg 1600w, https:\/\/centralmedia.rs\/wp-content\/uploads\/2018\/12\/nc-2-300x169.jpg 300w, https:\/\/centralmedia.rs\/wp-content\/uploads\/2018\/12\/nc-2-768x432.jpg 768w, https:\/\/centralmedia.rs\/wp-content\/uploads\/2018\/12\/nc-2-1024x576.jpg 1024w, https:\/\/centralmedia.rs\/wp-content\/uploads\/2018\/12\/nc-2-747x420.jpg 747w, https:\/\/centralmedia.rs\/wp-content\/uploads\/2018\/12\/nc-2-640x360.jpg 640w, https:\/\/centralmedia.rs\/wp-content\/uploads\/2018\/12\/nc-2-681x383.jpg 681w\" sizes=\"(max-width: 1600px) 100vw, 1600px\" \/><\/a>\n\t\t\t<\/div><\/figure>\n\t\t<\/div>\n\n<p>&#8211; Uglavnom su svi u\u010denici od 5 do 8 razreda anga\u017eovani u ovom radu, a sada imamo i od 1. do 4. razreda. Izlo\u017eba traje 31. godinu i me\u0111u prvim po\u017eelimo na\u0161im sugra\u0111anima sre\u0107nu Novu godinu. \u010cestitke se rade od recikliranog materijala, dakle materijal koji su ve\u0107 bili u nekoj funkciji i trebalo je da budu odlo\u017eeni. Mi ih koristimo i dajemo im novu umetni\u010dku tvorevinu, kazao je nastavnik Zdravkovi\u0107.<\/p>\n<p>Deca su po\u017eelela sre\u0107nu Novu godinu.<\/p>\n","protected":false},"excerpt":{"rendered":"<p>PARA\u0106IN- U holu para\u0107inske Biblioteke otvorena je tradicionalna 31. Izlo\u017eba novogodi\u0161njih \u010destitki. Izlo\u017eeno je preko 500 unikatnih \u010destitki koje su dizajnirali u\u010denici O\u0160 Radoje Domanovi\u0107 &hellip; <\/p>\n","protected":false},"author":2,"featured_media":15492,"comment_status":"open","ping_status":"open","sticky":false,"template":"","format":"standard","meta":{"footnotes":""},"categories":[1524,2,23,1516,30],"tags":[3371,156],"_links":{"self":[{"href":"https:\/\/centralmedia.rs\/index.php\/wp-json\/wp\/v2\/posts\/15491"}],"collection":[{"href":"https:\/\/centralmedia.rs\/index.php\/wp-json\/wp\/v2\/posts"}],"about":[{"href":"https:\/\/centralmedia.rs\/index.php\/wp-json\/wp\/v2\/types\/post"}],"author":[{"embeddable":true,"href":"https:\/\/centralmedia.rs\/index.php\/wp-json\/wp\/v2\/users\/2"}],"replies":[{"embeddable":true,"href":"https:\/\/centralmedia.rs\/index.php\/wp-json\/wp\/v2\/comments?post=15491"}],"version-history":[{"count":1,"href":"https:\/\/centralmedia.rs\/index.php\/wp-json\/wp\/v2\/posts\/15491\/revisions"}],"predecessor-version":[{"id":15495,"href":"https:\/\/centralmedia.rs\/index.php\/wp-json\/wp\/v2\/posts\/15491\/revisions\/15495"}],"wp:featuredmedia":[{"embeddable":true,"href":"https:\/\/centralmedia.rs\/index.php\/wp-json\/wp\/v2\/media\/15492"}],"wp:attachment":[{"href":"https:\/\/centralmedia.rs\/index.php\/wp-json\/wp\/v2\/media?parent=15491"}],"wp:term":[{"taxonomy":"category","embeddable":true,"href":"https:\/\/centralmedia.rs\/index.php\/wp-json\/wp\/v2\/categories?post=15491"},{"taxonomy":"post_tag","embeddable":true,"href":"https:\/\/centralmedia.rs\/index.php\/wp-json\/wp\/v2\/tags?post=15491"}],"curies":[{"name":"wp","href":"https:\/\/api.w.org\/{rel}","templated":true}]}}