{"id":15503,"date":"2018-12-18T22:35:55","date_gmt":"2018-12-18T22:35:55","guid":{"rendered":"http:\/\/centralmedia.rs\/?p=15503"},"modified":"2018-12-23T13:12:23","modified_gmt":"2018-12-23T13:12:23","slug":"premijera-pozorisne-predstave-pad-u-svilajncu","status":"publish","type":"post","link":"https:\/\/centralmedia.rs\/index.php\/2018\/12\/18\/premijera-pozorisne-predstave-pad-u-svilajncu\/","title":{"rendered":"Premijera pozori\u0161ne predstave ,,PAD&#8221; u Svilajncu"},"content":{"rendered":"<p>SVILAJNAC- Premijera pozori\u0161ne predstave ,,PAD&#8221; u petak 21. decembra u 20 sati u Centru za kulturu Svilajnac. Re\u017eija Kokan Mladenovi\u0107, dramaturgija Branislava Ili\u0107, video radovi Goran Balaban, scenografija Marija Kalabi\u0107, kostimografija Andrijana Jankovi\u0107 i kompozitor Marko Grubi\u0107. Uloge\u00a0Branislav Trifunovi\u0107, Nina Ne\u0161kovi\u0107 i Jelena Blagojevi\u0107.<\/p>\n<p>&#8211; Predstava \u201ePad\u201c je intimna drama koja iz vizure deteta govori o stanju u dru\u0161tvu u kome su stradanja radnika i ekstremna socijalna raslojavanja normalna i uobi\u010dajena pojava, rekao je Mladenovi\u0107.<br \/>\nProdukcija Centar za kulturu Svilajnac, 2018.<\/p>\n","protected":false},"excerpt":{"rendered":"<p>SVILAJNAC- Premijera pozori\u0161ne predstave ,,PAD&#8221; u petak 21. decembra u 20 sati u Centru za kulturu Svilajnac. Re\u017eija Kokan Mladenovi\u0107, dramaturgija Branislava Ili\u0107, video radovi &hellip; <\/p>\n","protected":false},"author":2,"featured_media":15466,"comment_status":"open","ping_status":"open","sticky":false,"template":"","format":"standard","meta":{"footnotes":""},"categories":[1524,2,15,887,12,1517],"tags":[3372,241,3365,38],"_links":{"self":[{"href":"https:\/\/centralmedia.rs\/index.php\/wp-json\/wp\/v2\/posts\/15503"}],"collection":[{"href":"https:\/\/centralmedia.rs\/index.php\/wp-json\/wp\/v2\/posts"}],"about":[{"href":"https:\/\/centralmedia.rs\/index.php\/wp-json\/wp\/v2\/types\/post"}],"author":[{"embeddable":true,"href":"https:\/\/centralmedia.rs\/index.php\/wp-json\/wp\/v2\/users\/2"}],"replies":[{"embeddable":true,"href":"https:\/\/centralmedia.rs\/index.php\/wp-json\/wp\/v2\/comments?post=15503"}],"version-history":[{"count":3,"href":"https:\/\/centralmedia.rs\/index.php\/wp-json\/wp\/v2\/posts\/15503\/revisions"}],"predecessor-version":[{"id":15507,"href":"https:\/\/centralmedia.rs\/index.php\/wp-json\/wp\/v2\/posts\/15503\/revisions\/15507"}],"wp:featuredmedia":[{"embeddable":true,"href":"https:\/\/centralmedia.rs\/index.php\/wp-json\/wp\/v2\/media\/15466"}],"wp:attachment":[{"href":"https:\/\/centralmedia.rs\/index.php\/wp-json\/wp\/v2\/media?parent=15503"}],"wp:term":[{"taxonomy":"category","embeddable":true,"href":"https:\/\/centralmedia.rs\/index.php\/wp-json\/wp\/v2\/categories?post=15503"},{"taxonomy":"post_tag","embeddable":true,"href":"https:\/\/centralmedia.rs\/index.php\/wp-json\/wp\/v2\/tags?post=15503"}],"curies":[{"name":"wp","href":"https:\/\/api.w.org\/{rel}","templated":true}]}}