{"id":15508,"date":"2018-12-20T10:15:57","date_gmt":"2018-12-20T10:15:57","guid":{"rendered":"http:\/\/centralmedia.rs\/?p=15508"},"modified":"2018-12-23T13:12:32","modified_gmt":"2018-12-23T13:12:32","slug":"pozadina-glasanja-o-poverenju-sasi-paunovicu-zastita-odbornika-od-mafije-i-kriminalaca","status":"publish","type":"post","link":"https:\/\/centralmedia.rs\/index.php\/2018\/12\/20\/pozadina-glasanja-o-poverenju-sasi-paunovicu-zastita-odbornika-od-mafije-i-kriminalaca\/","title":{"rendered":"POZADINA GLASANJA O POVERENJU SA\u0160I PAUNOVI\u0106U &#8211; ZA\u0160TITA ODBORNIKA OD MAFIJE I KRIMINALACA"},"content":{"rendered":"<p>PARA\u0106IN- Dva puta tokom ove godine para\u0107inski odbornici glasali su o predlogu rezre\u0161enja predsednika \u00a0op\u0161tine Sa\u0161e Paunov\u0107a, dva puta je, prakti\u010dno dvotre\u0107inskom ve\u0107inom, izglasavano poverenje. Na predlog 41 odbornika skup\u0161tinske ve\u0107ine na poslednjoj sednici SO glasalo se o za razre\u0161enje predsednika op\u0161tine. Dva pogleda na istu situaciju \u010dula su se na sednici SO.<\/p>\n<p>&#8211; Jasno je da je sednica sazvana samo da bi se navodno raspravljalo o smeni, a logi\u010dno je da takav predlog do\u0111e od opozicije. Ovde imamo izigravanje demokratije i jasno je o \u010demu se radi. Mislim da \u00a0predsednik \u017eeli da proveri treba proveri izbornu volju gra\u0111ana, a ne da li ima podr\u0161ku odbornika, po\u0161to je pre \u0161est meseci dobio podr\u0161ku odbornika. Bespredmetno je da sazivamo skup\u0161tinu da bi raspravljali o inicijativi vladaju\u0107e koalicije o smeni predsednika. Razumem da \u0107e predsednik kupiti jo\u0161 \u0161est meseci vlasti i mirnog sna, ali smatram da nije u redu da tro\u0161imo novac gra\u0111ana za to, rekao je predsednik OG SNS Neboj\u0161a Simi\u0107.<\/p>\n<p>Paunovi\u0107 je pojasnio da je po Zakonu o sportu predvi\u0111eno odr\u017eavanje dve sednice SO vezane za sportske klubove kako bi bila sprovedena procedura i da bi svakako dve sednice bile odr\u017eane tim povodom.<\/p>\n<p>&#8211; Sla\u017eem se sa Simi\u0107em apsolutno. Stra\u0161no je da moramo da organizujemo ovakve stvari kao \u0161to je glasanje o poverenju na \u0161est meseci da bi smo za\u0161titili odbornike od maltretiranja mafije i kriminalaca koji se anga\u017euju u politi\u010dke svrhe da bi menjali izbornu volju gra\u0111ana. Zaista je stra\u0161no i zastra\u0161uju\u0107e da \u017eivimo u takvom dru\u0161tvu gde to \u010dinimo da bi za\u0161titili ljude koje je narod izabrao da mogu slobodno odlu\u010divati o interesu gra\u0111ana. To je zaista stra\u0161no. U pravu ste Simi\u0107u da radimo takve stvari zbog takvog povoda u zemlji Srbiji. To nikada nismo radili, od kako sam u ovoj skup\u0161tini 18 godina, i odbornik i kasnije na drugim funkcijama, odgovorio je Paunovi\u0107<\/p>\n<p>&#8211; \u010cujem te\u0161ke optu\u017ebe, da se odbronici maltretiraju. Mislim da to treba da bude prijavljeno nadle\u017enim organima, koji to trebaju to da sankcioni\u0161u ako je to ta\u010dno a ne da mi na svakih \u0161est meseci, kako ja tvrdim, pravimo tro\u0161kove. Ako ima pritiska o tome nadle\u017ene instituucije treba da daju svoj sud, replicirao je Simi\u0107.<\/p>\n<p>&#8211; Prijavljivano je policiji, podno\u0161ene su prijave. Ovde sede odbornici kojima je pre\u0107eno. Simi\u0107u vi ne sedite na nekom Marsu pa se obra\u0107ate ljudima koji \u00a0nemaju nemaju pojma o \u010demu se radi. Iza vas sede ljudi kojima su pretili neki iz recimo, mo\u017eda, va\u0161eg politi\u010dkog okru\u017eenja. Kada govorimo o tome da je nekome pre\u0107eno ne govorimo o tamo nekim ljudima, nego o ovima \u0161to ovde sede, pa se raspitajte ko su ti ljudi i sa njima porazgovarajte kako je to izgledalo i onda \u0107e da vam bude jasno o \u010demu se radi i sa kim se dru\u017eite poslovno, ako ne privatno. Onda \u0107e to da vam bude jasno. Kada pri\u010damo po policiji, para\u0107inska policija radi profesionalno posao, ali policija je \u0161irok pojam. Videlimo smo u Lu\u010danima, masu automobila bez tablica. Predla\u017eem bilo kome od vas da skine tablice i krene da vozi po gradu da vidim da li \u0107e da ga zaustavi policajac. U Lu\u010danima je bilo 50. automobila bez tablica i niko ih nije zaustavljao. Ima policije i policije, odnosi su razli\u010diti. Kada govorimo o ljudima kojima je pre\u0107eno, oni sede ovde, sa nama, a to ko se sa kim dru\u017eio i \u0161ta je dozvoljavao da se \u010dini, to ne\u0107e da se zaboravi. Pa pazite sa koje ste strane, zaklju\u010dio je Paunovi\u0107.<\/p>\n<p>&nbsp;<\/p>\n","protected":false},"excerpt":{"rendered":"<p>PARA\u0106IN- Dva puta tokom ove godine para\u0107inski odbornici glasali su o predlogu rezre\u0161enja predsednika \u00a0op\u0161tine Sa\u0161e Paunov\u0107a, dva puta je, prakti\u010dno dvotre\u0107inskom ve\u0107inom, izglasavano poverenje. &hellip; <\/p>\n","protected":false},"author":2,"featured_media":15436,"comment_status":"open","ping_status":"open","sticky":false,"template":"","format":"standard","meta":{"footnotes":""},"categories":[1524,2,1516,13,12],"tags":[3352,552,1973],"_links":{"self":[{"href":"https:\/\/centralmedia.rs\/index.php\/wp-json\/wp\/v2\/posts\/15508"}],"collection":[{"href":"https:\/\/centralmedia.rs\/index.php\/wp-json\/wp\/v2\/posts"}],"about":[{"href":"https:\/\/centralmedia.rs\/index.php\/wp-json\/wp\/v2\/types\/post"}],"author":[{"embeddable":true,"href":"https:\/\/centralmedia.rs\/index.php\/wp-json\/wp\/v2\/users\/2"}],"replies":[{"embeddable":true,"href":"https:\/\/centralmedia.rs\/index.php\/wp-json\/wp\/v2\/comments?post=15508"}],"version-history":[{"count":2,"href":"https:\/\/centralmedia.rs\/index.php\/wp-json\/wp\/v2\/posts\/15508\/revisions"}],"predecessor-version":[{"id":15510,"href":"https:\/\/centralmedia.rs\/index.php\/wp-json\/wp\/v2\/posts\/15508\/revisions\/15510"}],"wp:featuredmedia":[{"embeddable":true,"href":"https:\/\/centralmedia.rs\/index.php\/wp-json\/wp\/v2\/media\/15436"}],"wp:attachment":[{"href":"https:\/\/centralmedia.rs\/index.php\/wp-json\/wp\/v2\/media?parent=15508"}],"wp:term":[{"taxonomy":"category","embeddable":true,"href":"https:\/\/centralmedia.rs\/index.php\/wp-json\/wp\/v2\/categories?post=15508"},{"taxonomy":"post_tag","embeddable":true,"href":"https:\/\/centralmedia.rs\/index.php\/wp-json\/wp\/v2\/tags?post=15508"}],"curies":[{"name":"wp","href":"https:\/\/api.w.org\/{rel}","templated":true}]}}