{"id":15522,"date":"2018-12-22T14:05:16","date_gmt":"2018-12-22T14:05:16","guid":{"rendered":"http:\/\/centralmedia.rs\/?p=15522"},"modified":"2018-12-28T20:17:40","modified_gmt":"2018-12-28T20:17:40","slug":"premijera-predstave-pad-u-svilajncu-mladenovic-zivimo-u-zemlji-gde-su-radnici-postali-glineni-golubovi","status":"publish","type":"post","link":"https:\/\/centralmedia.rs\/index.php\/2018\/12\/22\/premijera-predstave-pad-u-svilajncu-mladenovic-zivimo-u-zemlji-gde-su-radnici-postali-glineni-golubovi\/","title":{"rendered":"PREMIJERA PREDSTAVE ,,PAD&#8221; U SVILAJNCU &#8211; MLADENOVI\u0106: \u017divimo u zemlji gde su radnici postali glineni golubovi"},"content":{"rendered":"<p>SVILAJNAC- Premijera pozori\u0161ne predstave ,,PAD&#8221; Centra za kulturu Svilajnac odr\u017eana je u petak uve\u010de u tom gradu. Predstavu je re\u017eirao Kokan Mladenovi\u0107, dok su u glavnim ulogama igrali \u00a0Branislav Trifunovi\u0107, Nina Ne\u0161kovi\u0107 i Jelena Blagojevi\u0107.<\/p>\n<div id='gallery-1' class='gallery galleryid-15522 gallery-columns-3 gallery-size-full'><figure class='gallery-item'>\n\t\t\t<div class='gallery-icon landscape'>\n\t\t\t\t<a href='https:\/\/centralmedia.rs\/index.php\/2018\/12\/22\/premijera-predstave-pad-u-svilajncu-mladenovic-zivimo-u-zemlji-gde-su-radnici-postali-glineni-golubovi\/pad-3\/'><img loading=\"lazy\" decoding=\"async\" width=\"1280\" height=\"622\" src=\"https:\/\/centralmedia.rs\/wp-content\/uploads\/2018\/12\/pad-3.jpg\" class=\"attachment-full size-full\" alt=\"\" srcset=\"https:\/\/centralmedia.rs\/wp-content\/uploads\/2018\/12\/pad-3.jpg 1280w, https:\/\/centralmedia.rs\/wp-content\/uploads\/2018\/12\/pad-3-300x146.jpg 300w, https:\/\/centralmedia.rs\/wp-content\/uploads\/2018\/12\/pad-3-768x373.jpg 768w, https:\/\/centralmedia.rs\/wp-content\/uploads\/2018\/12\/pad-3-1024x498.jpg 1024w, https:\/\/centralmedia.rs\/wp-content\/uploads\/2018\/12\/pad-3-864x420.jpg 864w, https:\/\/centralmedia.rs\/wp-content\/uploads\/2018\/12\/pad-3-640x311.jpg 640w, https:\/\/centralmedia.rs\/wp-content\/uploads\/2018\/12\/pad-3-681x331.jpg 681w\" sizes=\"(max-width: 1280px) 100vw, 1280px\" \/><\/a>\n\t\t\t<\/div><\/figure><figure class='gallery-item'>\n\t\t\t<div class='gallery-icon landscape'>\n\t\t\t\t<a href='https:\/\/centralmedia.rs\/index.php\/2018\/12\/22\/premijera-predstave-pad-u-svilajncu-mladenovic-zivimo-u-zemlji-gde-su-radnici-postali-glineni-golubovi\/pad4\/'><img loading=\"lazy\" decoding=\"async\" width=\"1280\" height=\"622\" src=\"https:\/\/centralmedia.rs\/wp-content\/uploads\/2018\/12\/pad4.jpg\" class=\"attachment-full size-full\" alt=\"\" srcset=\"https:\/\/centralmedia.rs\/wp-content\/uploads\/2018\/12\/pad4.jpg 1280w, https:\/\/centralmedia.rs\/wp-content\/uploads\/2018\/12\/pad4-300x146.jpg 300w, https:\/\/centralmedia.rs\/wp-content\/uploads\/2018\/12\/pad4-768x373.jpg 768w, https:\/\/centralmedia.rs\/wp-content\/uploads\/2018\/12\/pad4-1024x498.jpg 1024w, https:\/\/centralmedia.rs\/wp-content\/uploads\/2018\/12\/pad4-864x420.jpg 864w, https:\/\/centralmedia.rs\/wp-content\/uploads\/2018\/12\/pad4-640x311.jpg 640w, https:\/\/centralmedia.rs\/wp-content\/uploads\/2018\/12\/pad4-681x331.jpg 681w\" sizes=\"(max-width: 1280px) 100vw, 1280px\" \/><\/a>\n\t\t\t<\/div><\/figure><figure class='gallery-item'>\n\t\t\t<div class='gallery-icon landscape'>\n\t\t\t\t<a href='https:\/\/centralmedia.rs\/index.php\/2018\/12\/22\/premijera-predstave-pad-u-svilajncu-mladenovic-zivimo-u-zemlji-gde-su-radnici-postali-glineni-golubovi\/pad5\/'><img loading=\"lazy\" decoding=\"async\" width=\"1280\" height=\"622\" src=\"https:\/\/centralmedia.rs\/wp-content\/uploads\/2018\/12\/pad5.jpg\" class=\"attachment-full size-full\" alt=\"\" srcset=\"https:\/\/centralmedia.rs\/wp-content\/uploads\/2018\/12\/pad5.jpg 1280w, https:\/\/centralmedia.rs\/wp-content\/uploads\/2018\/12\/pad5-300x146.jpg 300w, https:\/\/centralmedia.rs\/wp-content\/uploads\/2018\/12\/pad5-768x373.jpg 768w, https:\/\/centralmedia.rs\/wp-content\/uploads\/2018\/12\/pad5-1024x498.jpg 1024w, https:\/\/centralmedia.rs\/wp-content\/uploads\/2018\/12\/pad5-864x420.jpg 864w, https:\/\/centralmedia.rs\/wp-content\/uploads\/2018\/12\/pad5-640x311.jpg 640w, https:\/\/centralmedia.rs\/wp-content\/uploads\/2018\/12\/pad5-681x331.jpg 681w\" sizes=\"(max-width: 1280px) 100vw, 1280px\" \/><\/a>\n\t\t\t<\/div><\/figure>\n\t\t<\/div>\n\n<p>&#8211; Predstava ,,Pad&#8221; je pre svega o stradalim radnicima. Kada smo pre par meseci po\u010deli da radimo predstvu broj poginulih radnika u Srbiji bio je 39, na dan premijere je 45 i taj broj se stalno uve\u0107ava. \u017divimo u zemlji gde su radnici postali glineni golubovi za neke korporativne interese. U sprezi prljavog novca, gra\u0111evinske mafije i izvr\u0161ne vlasti stradaju neki ljudi koji se pi\u0161u samo brojevima. To su neki neva\u017eni ljudi za vlast ove zemlje u kojoj \u017eivimo.\u00a0 Niko ne zaslu\u017euje takvu sudbinu, neverovatno je da za sve te smrti niko nije uhap\u0161en, ka\u017enjen, ni jedno gradili\u0161e nije zatvoreno. To pokazuje do koje mere su ljudi postali potro\u0161na roba i koji je odnos prema radnicima, ka\u017ee Mladenovi\u0107.<\/p>\n<p>On je apostrofirao da naziv predstave ,,Pad&#8221; ozna\u010dava pad svih vrednosti u zemlji u kojoj \u017eivimo ,,slom morala, sunovrat svih plemenitih i dobrih stvari, taj na\u0161 pad u ponor bezvala\u0161\u0107a i tiranije ili grotlo koje pravi i obr\u0107e novac&#8221;.<\/p>\n<p>-Svilajnac je sinonim kakva bi Srbija mogla da bude ako bi bila ambiciozna, doma\u0107inska i ako bi se vodilo ra\u010duna o tome \u0161ta su stvarni interesi gra\u0111ana. Kada ovako mali grad ima tu koli\u010dinu pozitivnog odnosa prema svojim\u00a0 gra\u0111anima, u kakve \u0107e \u0161kole i\u0107i deca, gde \u0107e se le\u010diti stanovnici, koju vrstu kulture \u0107e konzumirati. To je ne\u0161to \u0161to impresionira nas koji dolazimo sa strane. Na\u010din na koji je grad sazidao Prirodnja\u010dki centar, obnovio Centar za kulturu&#8230;mnogo ve\u0107i gradovi to nisu uspeli da naprave u Srbiji. Zadovoljini smo profesionalizmom i na\u010dinom na koji se ovaj grad odnosi prema kulturi. Bud\u017eet Svilajnca za kulturu je 5,5 odsto \u0161to je mnogo vi\u0161e od dr\u017eavnog proseka, gde je 0,63 odsto. Ne mo\u017ee\u00a0 kultura da po\u010dinje sa nulom, to nije samo poni\u017eavanje ljudi koji se bave kulturom, to je nesvest o tome \u0161ta obrazovanje i kultura zna\u010de za sudbinu jednog naroda, poru\u010duje Mladenovi\u0107.<\/p>\n<p>Producent Ivana Ne\u0161i\u0107 podsetila je da je Centar za kulturu Svialajnac 2015. godine u koproduciji radio predstavu ,,Julije Cezar&#8221; koju je re\u017eirao Kokan Mladenovi\u0107.<\/p>\n<p>&#8211; Ovog puta smo sami u\u0161li u pri\u010du. U Svilajncu je prvo izvo\u0111enje, nedelju 23. decembra je premijera. Po\u010detkom slede\u0107e godine zna\u0107emo raspored igranja u regionu, ne samo u Srbiji. Predstava u Svilajncu je zatvorenog tipa, a tu su bili novinari, kolege iz drugih pozori\u0161ta i ustanova kulture, pozori\u0161ni kriti\u010dari Ana Tasi\u0107, Sanja Glovacki, Slobodan Savi\u0107, kazala je Ivana Ne\u0161i\u0107.<\/p>\n<p>&nbsp;<\/p>\n<p>&nbsp;<\/p>\n<p>&nbsp;<\/p>\n","protected":false},"excerpt":{"rendered":"<p>SVILAJNAC- Premijera pozori\u0161ne predstave ,,PAD&#8221; Centra za kulturu Svilajnac odr\u017eana je u petak uve\u010de u tom gradu. Predstavu je re\u017eirao Kokan Mladenovi\u0107, dok su u &hellip; <\/p>\n","protected":false},"author":2,"featured_media":15523,"comment_status":"open","ping_status":"open","sticky":false,"template":"","format":"standard","meta":{"footnotes":""},"categories":[1524,2,15,887,12,1517],"tags":[3379,241,3365,38],"_links":{"self":[{"href":"https:\/\/centralmedia.rs\/index.php\/wp-json\/wp\/v2\/posts\/15522"}],"collection":[{"href":"https:\/\/centralmedia.rs\/index.php\/wp-json\/wp\/v2\/posts"}],"about":[{"href":"https:\/\/centralmedia.rs\/index.php\/wp-json\/wp\/v2\/types\/post"}],"author":[{"embeddable":true,"href":"https:\/\/centralmedia.rs\/index.php\/wp-json\/wp\/v2\/users\/2"}],"replies":[{"embeddable":true,"href":"https:\/\/centralmedia.rs\/index.php\/wp-json\/wp\/v2\/comments?post=15522"}],"version-history":[{"count":3,"href":"https:\/\/centralmedia.rs\/index.php\/wp-json\/wp\/v2\/posts\/15522\/revisions"}],"predecessor-version":[{"id":15538,"href":"https:\/\/centralmedia.rs\/index.php\/wp-json\/wp\/v2\/posts\/15522\/revisions\/15538"}],"wp:featuredmedia":[{"embeddable":true,"href":"https:\/\/centralmedia.rs\/index.php\/wp-json\/wp\/v2\/media\/15523"}],"wp:attachment":[{"href":"https:\/\/centralmedia.rs\/index.php\/wp-json\/wp\/v2\/media?parent=15522"}],"wp:term":[{"taxonomy":"category","embeddable":true,"href":"https:\/\/centralmedia.rs\/index.php\/wp-json\/wp\/v2\/categories?post=15522"},{"taxonomy":"post_tag","embeddable":true,"href":"https:\/\/centralmedia.rs\/index.php\/wp-json\/wp\/v2\/tags?post=15522"}],"curies":[{"name":"wp","href":"https:\/\/api.w.org\/{rel}","templated":true}]}}