{"id":15528,"date":"2018-12-23T12:56:27","date_gmt":"2018-12-23T12:56:27","guid":{"rendered":"http:\/\/centralmedia.rs\/?p=15528"},"modified":"2018-12-28T20:17:54","modified_gmt":"2018-12-28T20:17:54","slug":"veliki-jubilej-u-cupriji-vek-i-po-citalista","status":"publish","type":"post","link":"https:\/\/centralmedia.rs\/index.php\/2018\/12\/23\/veliki-jubilej-u-cupriji-vek-i-po-citalista\/","title":{"rendered":"VELIKI JUBILEJ U \u0106UPRIJI &#8211; VEK I PO \u010cITALI\u0160TA"},"content":{"rendered":"<p>\u0106UPRIJA- Vek i po \u010citali\u0161ta u \u0106upriji bi\u0107e obele\u017een u utorak 25. decembra u Narodnoj biblioteci Du\u0161an Mati\u0107 izlo\u017ebom starih i retkih publikacija, kao i biblite\u010dke gra\u0111e Zavi\u010dajnog odeljenja. U 16.30 u sali \u0160OMO Du\u0161an Skovran je\u00a0 sve\u010dana akademija na kojoj \u0107e gost biti savetnik ministra kulture dr Dragan Hamovi\u0107, nastupi\u0107e de\u010diji hor Dar i glumac Aleksa Radojlovi\u0107, u 18 sati koncert Ljubavni dueti i arije iz opera Mocrta.<\/p>\n<p>Povodom obele\u017eavanja 150 godina od osnivanja prve \u010citaonice u \u0106upriji, gost Narodne biblioteke &#8220;Du\u0161an Mati\u0107&#8221; bila je Ljiljana Habjanovi\u0107 \u0110urovi\u0107, naj\u010ditanija srpska knji\u017eevnica poslednjih 20 godina. Tom prilikom ona je promovisala novi roman &#8220;So zemlji&#8221;, najprodavaniju knjiga na nedavno zavr\u0161enom Me\u0111unarodnom sajmu knjiga u Beogradu, a re\u010d je pri\u010di o Svetom Vasiliju Ostro\u0161kom, odnosno Stojanu Jovanovi\u0107u iz Sela Mrkonji\u0107i kod Trebinja.<\/p>\n<p>&#8211; Za Svetog Vasilija znam od kada znam za sebe. On je veoma omiljen svetitelj, trudila sam se da ne izneverim i to kako ljudi do\u017eivljavanju Svetog Vasilija. Trudim se da najbolji na\u010din prika\u017eem ono \u0161to vidim i ose\u0107am. Mitropolit Afilohije je pro\u010ditao rukopis i rekao ,,lepo ste to napisali&#8221;. To je najve\u0107i kompliment, jer mitropolit smatra da mnogo hvaliti nekog to je pogibeljno za njegovu du\u0161u, budi gordost. Dao je blagoslov da knjigz objavim i da sa njim mogu i pred narod i pred boga, kazala je Ljiljana Habjanovi\u0107 \u0110urovi\u0107.<\/p>\n<div id='gallery-1' class='gallery galleryid-15528 gallery-columns-2 gallery-size-full'><figure class='gallery-item'>\n\t\t\t<div class='gallery-icon portrait'>\n\t\t\t\t<a href='https:\/\/centralmedia.rs\/index.php\/2018\/12\/23\/veliki-jubilej-u-cupriji-vek-i-po-citalista\/jubilej\/'><img loading=\"lazy\" decoding=\"async\" width=\"679\" height=\"960\" src=\"https:\/\/centralmedia.rs\/wp-content\/uploads\/2018\/12\/jubilej.jpg\" class=\"attachment-full size-full\" alt=\"\" srcset=\"https:\/\/centralmedia.rs\/wp-content\/uploads\/2018\/12\/jubilej.jpg 679w, https:\/\/centralmedia.rs\/wp-content\/uploads\/2018\/12\/jubilej-212x300.jpg 212w, https:\/\/centralmedia.rs\/wp-content\/uploads\/2018\/12\/jubilej-297x420.jpg 297w, https:\/\/centralmedia.rs\/wp-content\/uploads\/2018\/12\/jubilej-640x905.jpg 640w\" sizes=\"(max-width: 679px) 100vw, 679px\" \/><\/a>\n\t\t\t<\/div><\/figure><figure class='gallery-item'>\n\t\t\t<div class='gallery-icon portrait'>\n\t\t\t\t<a href='https:\/\/centralmedia.rs\/index.php\/2018\/12\/23\/veliki-jubilej-u-cupriji-vek-i-po-citalista\/koncert-5\/'><img loading=\"lazy\" decoding=\"async\" width=\"695\" height=\"900\" src=\"https:\/\/centralmedia.rs\/wp-content\/uploads\/2018\/12\/koncert.jpg\" class=\"attachment-full size-full\" alt=\"\" srcset=\"https:\/\/centralmedia.rs\/wp-content\/uploads\/2018\/12\/koncert.jpg 695w, https:\/\/centralmedia.rs\/wp-content\/uploads\/2018\/12\/koncert-232x300.jpg 232w, https:\/\/centralmedia.rs\/wp-content\/uploads\/2018\/12\/koncert-324x420.jpg 324w, https:\/\/centralmedia.rs\/wp-content\/uploads\/2018\/12\/koncert-640x829.jpg 640w, https:\/\/centralmedia.rs\/wp-content\/uploads\/2018\/12\/koncert-681x882.jpg 681w\" sizes=\"(max-width: 695px) 100vw, 695px\" \/><\/a>\n\t\t\t<\/div><\/figure>\n\t\t<\/div>\n\n","protected":false},"excerpt":{"rendered":"<p>\u0106UPRIJA- Vek i po \u010citali\u0161ta u \u0106upriji bi\u0107e obele\u017een u utorak 25. decembra u Narodnoj biblioteci Du\u0161an Mati\u0107 izlo\u017ebom starih i retkih publikacija, kao i &hellip; <\/p>\n","protected":false},"author":2,"featured_media":15529,"comment_status":"open","ping_status":"open","sticky":false,"template":"","format":"standard","meta":{"footnotes":""},"categories":[1515,1524,2,15,887,12],"tags":[3380,44,3381],"_links":{"self":[{"href":"https:\/\/centralmedia.rs\/index.php\/wp-json\/wp\/v2\/posts\/15528"}],"collection":[{"href":"https:\/\/centralmedia.rs\/index.php\/wp-json\/wp\/v2\/posts"}],"about":[{"href":"https:\/\/centralmedia.rs\/index.php\/wp-json\/wp\/v2\/types\/post"}],"author":[{"embeddable":true,"href":"https:\/\/centralmedia.rs\/index.php\/wp-json\/wp\/v2\/users\/2"}],"replies":[{"embeddable":true,"href":"https:\/\/centralmedia.rs\/index.php\/wp-json\/wp\/v2\/comments?post=15528"}],"version-history":[{"count":1,"href":"https:\/\/centralmedia.rs\/index.php\/wp-json\/wp\/v2\/posts\/15528\/revisions"}],"predecessor-version":[{"id":15532,"href":"https:\/\/centralmedia.rs\/index.php\/wp-json\/wp\/v2\/posts\/15528\/revisions\/15532"}],"wp:featuredmedia":[{"embeddable":true,"href":"https:\/\/centralmedia.rs\/index.php\/wp-json\/wp\/v2\/media\/15529"}],"wp:attachment":[{"href":"https:\/\/centralmedia.rs\/index.php\/wp-json\/wp\/v2\/media?parent=15528"}],"wp:term":[{"taxonomy":"category","embeddable":true,"href":"https:\/\/centralmedia.rs\/index.php\/wp-json\/wp\/v2\/categories?post=15528"},{"taxonomy":"post_tag","embeddable":true,"href":"https:\/\/centralmedia.rs\/index.php\/wp-json\/wp\/v2\/tags?post=15528"}],"curies":[{"name":"wp","href":"https:\/\/api.w.org\/{rel}","templated":true}]}}