{"id":15539,"date":"2018-12-24T13:36:27","date_gmt":"2018-12-24T13:36:27","guid":{"rendered":"http:\/\/centralmedia.rs\/?p=15539"},"modified":"2018-12-28T20:18:18","modified_gmt":"2018-12-28T20:18:18","slug":"premijera-dokumentarnog-filma-o-nematerijalnoj-kulturnoj-bastini-opstine-rekovac","status":"publish","type":"post","link":"https:\/\/centralmedia.rs\/index.php\/2018\/12\/24\/premijera-dokumentarnog-filma-o-nematerijalnoj-kulturnoj-bastini-opstine-rekovac\/","title":{"rendered":"PREMIJERA DOKUMENTARNOG FILMA O NEMATERIJALNOJ KULTURNOJ BA\u0160TINI OP\u0160TINE REKOVAC"},"content":{"rendered":"<p>REKOVAC- Posle vi\u0161emese\u010dnog snimanja, u utorak 25. decembra u 11 \u010dasova u Narodnoj biblioteci ,,Dr Milovan Spasi\u0107,, u Rekovcu bi\u0107e \u00a0odr\u017eana promocija dokumentarnog filma i bro\u0161ure o nematerijalnoj kulturnoj ba\u0161tini op\u0161tine Rekovac. Vi\u0161emese\u010dno prikupljanje gra\u0111e i snimanje materijala na terenu, gde je u\u010destvovalo vi\u0161e od desetak sagovornika, zavr\u0161eno je montiranje filma koji govori o nematerijalnoj ba\u0161tini op\u0161tine Rekovac\u00a0 kroz prizmu pola veka odr\u017eavanja manifestacije ,,Pro\u0111oh Leva\u010d, pro\u0111oh \u0160umadiju&#8221; koja tu ba\u0161tinu na najlep\u0161i na\u010din \u010duva i reprezentuje. Posle premijere film i bro\u0161ura \u0107e biti dostupni na intrernet strani Turisti\u010dke organizacije op\u0161tine Rekovac u odeljku VIDEO GALERIJA.\u00a0\u00a0Pokrovitelj ovog projekta je Ministarstvo kulture i informisanja.<\/p>\n<div id='gallery-1' class='gallery galleryid-15539 gallery-columns-3 gallery-size-full'><figure class='gallery-item'>\n\t\t\t<div class='gallery-icon landscape'>\n\t\t\t\t<a href='https:\/\/centralmedia.rs\/index.php\/2018\/12\/24\/premijera-dokumentarnog-filma-o-nematerijalnoj-kulturnoj-bastini-opstine-rekovac\/sabor-1-2\/'><img loading=\"lazy\" decoding=\"async\" width=\"4608\" height=\"3456\" src=\"https:\/\/centralmedia.rs\/wp-content\/uploads\/2018\/12\/sabor-1.jpg\" class=\"attachment-full size-full\" alt=\"\" srcset=\"https:\/\/centralmedia.rs\/wp-content\/uploads\/2018\/12\/sabor-1.jpg 4608w, https:\/\/centralmedia.rs\/wp-content\/uploads\/2018\/12\/sabor-1-300x225.jpg 300w, https:\/\/centralmedia.rs\/wp-content\/uploads\/2018\/12\/sabor-1-768x576.jpg 768w, https:\/\/centralmedia.rs\/wp-content\/uploads\/2018\/12\/sabor-1-1024x768.jpg 1024w, https:\/\/centralmedia.rs\/wp-content\/uploads\/2018\/12\/sabor-1-560x420.jpg 560w, https:\/\/centralmedia.rs\/wp-content\/uploads\/2018\/12\/sabor-1-80x60.jpg 80w, https:\/\/centralmedia.rs\/wp-content\/uploads\/2018\/12\/sabor-1-100x75.jpg 100w, https:\/\/centralmedia.rs\/wp-content\/uploads\/2018\/12\/sabor-1-180x135.jpg 180w, https:\/\/centralmedia.rs\/wp-content\/uploads\/2018\/12\/sabor-1-238x178.jpg 238w, https:\/\/centralmedia.rs\/wp-content\/uploads\/2018\/12\/sabor-1-640x480.jpg 640w, https:\/\/centralmedia.rs\/wp-content\/uploads\/2018\/12\/sabor-1-681x511.jpg 681w\" sizes=\"(max-width: 4608px) 100vw, 4608px\" \/><\/a>\n\t\t\t<\/div><\/figure><figure class='gallery-item'>\n\t\t\t<div class='gallery-icon landscape'>\n\t\t\t\t<a href='https:\/\/centralmedia.rs\/index.php\/2018\/12\/24\/premijera-dokumentarnog-filma-o-nematerijalnoj-kulturnoj-bastini-opstine-rekovac\/sabor-2-2\/'><img loading=\"lazy\" decoding=\"async\" width=\"4608\" height=\"3456\" src=\"https:\/\/centralmedia.rs\/wp-content\/uploads\/2018\/12\/sabor-2.jpg\" class=\"attachment-full size-full\" alt=\"\" srcset=\"https:\/\/centralmedia.rs\/wp-content\/uploads\/2018\/12\/sabor-2.jpg 4608w, https:\/\/centralmedia.rs\/wp-content\/uploads\/2018\/12\/sabor-2-300x225.jpg 300w, https:\/\/centralmedia.rs\/wp-content\/uploads\/2018\/12\/sabor-2-768x576.jpg 768w, https:\/\/centralmedia.rs\/wp-content\/uploads\/2018\/12\/sabor-2-1024x768.jpg 1024w, https:\/\/centralmedia.rs\/wp-content\/uploads\/2018\/12\/sabor-2-560x420.jpg 560w, https:\/\/centralmedia.rs\/wp-content\/uploads\/2018\/12\/sabor-2-80x60.jpg 80w, https:\/\/centralmedia.rs\/wp-content\/uploads\/2018\/12\/sabor-2-100x75.jpg 100w, https:\/\/centralmedia.rs\/wp-content\/uploads\/2018\/12\/sabor-2-180x135.jpg 180w, https:\/\/centralmedia.rs\/wp-content\/uploads\/2018\/12\/sabor-2-238x178.jpg 238w, https:\/\/centralmedia.rs\/wp-content\/uploads\/2018\/12\/sabor-2-640x480.jpg 640w, https:\/\/centralmedia.rs\/wp-content\/uploads\/2018\/12\/sabor-2-681x511.jpg 681w\" sizes=\"(max-width: 4608px) 100vw, 4608px\" \/><\/a>\n\t\t\t<\/div><\/figure><figure class='gallery-item'>\n\t\t\t<div class='gallery-icon landscape'>\n\t\t\t\t<a href='https:\/\/centralmedia.rs\/index.php\/2018\/12\/24\/premijera-dokumentarnog-filma-o-nematerijalnoj-kulturnoj-bastini-opstine-rekovac\/sabor-3-2\/'><img loading=\"lazy\" decoding=\"async\" width=\"4608\" height=\"3456\" src=\"https:\/\/centralmedia.rs\/wp-content\/uploads\/2018\/12\/sabor-3.jpg\" class=\"attachment-full size-full\" alt=\"\" srcset=\"https:\/\/centralmedia.rs\/wp-content\/uploads\/2018\/12\/sabor-3.jpg 4608w, https:\/\/centralmedia.rs\/wp-content\/uploads\/2018\/12\/sabor-3-300x225.jpg 300w, https:\/\/centralmedia.rs\/wp-content\/uploads\/2018\/12\/sabor-3-768x576.jpg 768w, https:\/\/centralmedia.rs\/wp-content\/uploads\/2018\/12\/sabor-3-1024x768.jpg 1024w, https:\/\/centralmedia.rs\/wp-content\/uploads\/2018\/12\/sabor-3-560x420.jpg 560w, https:\/\/centralmedia.rs\/wp-content\/uploads\/2018\/12\/sabor-3-80x60.jpg 80w, https:\/\/centralmedia.rs\/wp-content\/uploads\/2018\/12\/sabor-3-100x75.jpg 100w, https:\/\/centralmedia.rs\/wp-content\/uploads\/2018\/12\/sabor-3-180x135.jpg 180w, https:\/\/centralmedia.rs\/wp-content\/uploads\/2018\/12\/sabor-3-238x178.jpg 238w, https:\/\/centralmedia.rs\/wp-content\/uploads\/2018\/12\/sabor-3-640x480.jpg 640w, https:\/\/centralmedia.rs\/wp-content\/uploads\/2018\/12\/sabor-3-681x511.jpg 681w\" sizes=\"(max-width: 4608px) 100vw, 4608px\" \/><\/a>\n\t\t\t<\/div><\/figure>\n\t\t<\/div>\n\n","protected":false},"excerpt":{"rendered":"<p>REKOVAC- Posle vi\u0161emese\u010dnog snimanja, u utorak 25. decembra u 11 \u010dasova u Narodnoj biblioteci ,,Dr Milovan Spasi\u0107,, u Rekovcu bi\u0107e \u00a0odr\u017eana promocija dokumentarnog filma i &hellip; <\/p>\n","protected":false},"author":2,"featured_media":15540,"comment_status":"open","ping_status":"open","sticky":false,"template":"","format":"standard","meta":{"footnotes":""},"categories":[1524,2,15,887,1519,12],"tags":[2877,3382,441,1035],"_links":{"self":[{"href":"https:\/\/centralmedia.rs\/index.php\/wp-json\/wp\/v2\/posts\/15539"}],"collection":[{"href":"https:\/\/centralmedia.rs\/index.php\/wp-json\/wp\/v2\/posts"}],"about":[{"href":"https:\/\/centralmedia.rs\/index.php\/wp-json\/wp\/v2\/types\/post"}],"author":[{"embeddable":true,"href":"https:\/\/centralmedia.rs\/index.php\/wp-json\/wp\/v2\/users\/2"}],"replies":[{"embeddable":true,"href":"https:\/\/centralmedia.rs\/index.php\/wp-json\/wp\/v2\/comments?post=15539"}],"version-history":[{"count":1,"href":"https:\/\/centralmedia.rs\/index.php\/wp-json\/wp\/v2\/posts\/15539\/revisions"}],"predecessor-version":[{"id":15544,"href":"https:\/\/centralmedia.rs\/index.php\/wp-json\/wp\/v2\/posts\/15539\/revisions\/15544"}],"wp:featuredmedia":[{"embeddable":true,"href":"https:\/\/centralmedia.rs\/index.php\/wp-json\/wp\/v2\/media\/15540"}],"wp:attachment":[{"href":"https:\/\/centralmedia.rs\/index.php\/wp-json\/wp\/v2\/media?parent=15539"}],"wp:term":[{"taxonomy":"category","embeddable":true,"href":"https:\/\/centralmedia.rs\/index.php\/wp-json\/wp\/v2\/categories?post=15539"},{"taxonomy":"post_tag","embeddable":true,"href":"https:\/\/centralmedia.rs\/index.php\/wp-json\/wp\/v2\/tags?post=15539"}],"curies":[{"name":"wp","href":"https:\/\/api.w.org\/{rel}","templated":true}]}}