{"id":15545,"date":"2018-12-24T13:48:57","date_gmt":"2018-12-24T13:48:57","guid":{"rendered":"http:\/\/centralmedia.rs\/?p=15545"},"modified":"2018-12-28T20:18:28","modified_gmt":"2018-12-28T20:18:28","slug":"svilajnacka-tartan-staza-pod-balonom","status":"publish","type":"post","link":"https:\/\/centralmedia.rs\/index.php\/2018\/12\/24\/svilajnacka-tartan-staza-pod-balonom\/","title":{"rendered":"SVILAJNA\u010cKA TARTAN STAZA POD BALONOM"},"content":{"rendered":"<p>SVILAJNAC- O\u0160 \u201eJovan Jovanovi\u0107 Zmaj\u201c u Svilajncu dobila je balon za pokrivanje \u0161kolskih sportskih terena od tartana. Balon pokriva povr\u0161inu od 2.200 m2, a slu\u017ei\u0107e za rekreaciju i bavljenje sportom u zimskom periodu. Predvi\u0111eno je da slede\u0107e godine balon bude postavljen iznad bazena i da Svilajanc na taj na\u010din dobije zimski bazen.<\/p>\n<div id='gallery-1' class='gallery galleryid-15545 gallery-columns-2 gallery-size-full'><figure class='gallery-item'>\n\t\t\t<div class='gallery-icon landscape'>\n\t\t\t\t<a href='https:\/\/centralmedia.rs\/index.php\/2018\/12\/24\/svilajnacka-tartan-staza-pod-balonom\/balon-1\/'><img loading=\"lazy\" decoding=\"async\" width=\"2048\" height=\"1365\" src=\"https:\/\/centralmedia.rs\/wp-content\/uploads\/2018\/12\/balon-1.jpg\" class=\"attachment-full size-full\" alt=\"\" srcset=\"https:\/\/centralmedia.rs\/wp-content\/uploads\/2018\/12\/balon-1.jpg 2048w, https:\/\/centralmedia.rs\/wp-content\/uploads\/2018\/12\/balon-1-300x200.jpg 300w, https:\/\/centralmedia.rs\/wp-content\/uploads\/2018\/12\/balon-1-768x512.jpg 768w, https:\/\/centralmedia.rs\/wp-content\/uploads\/2018\/12\/balon-1-1024x683.jpg 1024w, https:\/\/centralmedia.rs\/wp-content\/uploads\/2018\/12\/balon-1-630x420.jpg 630w, https:\/\/centralmedia.rs\/wp-content\/uploads\/2018\/12\/balon-1-640x427.jpg 640w, https:\/\/centralmedia.rs\/wp-content\/uploads\/2018\/12\/balon-1-681x454.jpg 681w\" sizes=\"(max-width: 2048px) 100vw, 2048px\" \/><\/a>\n\t\t\t<\/div><\/figure><figure class='gallery-item'>\n\t\t\t<div class='gallery-icon landscape'>\n\t\t\t\t<a href='https:\/\/centralmedia.rs\/index.php\/2018\/12\/24\/svilajnacka-tartan-staza-pod-balonom\/balon\/'><img loading=\"lazy\" decoding=\"async\" width=\"2048\" height=\"1365\" src=\"https:\/\/centralmedia.rs\/wp-content\/uploads\/2018\/12\/balon.jpg\" class=\"attachment-full size-full\" alt=\"\" srcset=\"https:\/\/centralmedia.rs\/wp-content\/uploads\/2018\/12\/balon.jpg 2048w, https:\/\/centralmedia.rs\/wp-content\/uploads\/2018\/12\/balon-300x200.jpg 300w, https:\/\/centralmedia.rs\/wp-content\/uploads\/2018\/12\/balon-768x512.jpg 768w, https:\/\/centralmedia.rs\/wp-content\/uploads\/2018\/12\/balon-1024x683.jpg 1024w, https:\/\/centralmedia.rs\/wp-content\/uploads\/2018\/12\/balon-630x420.jpg 630w, https:\/\/centralmedia.rs\/wp-content\/uploads\/2018\/12\/balon-640x427.jpg 640w, https:\/\/centralmedia.rs\/wp-content\/uploads\/2018\/12\/balon-681x454.jpg 681w\" sizes=\"(max-width: 2048px) 100vw, 2048px\" \/><\/a>\n\t\t\t<\/div><\/figure>\n\t\t<\/div>\n\n","protected":false},"excerpt":{"rendered":"<p>SVILAJNAC- O\u0160 \u201eJovan Jovanovi\u0107 Zmaj\u201c u Svilajncu dobila je balon za pokrivanje \u0161kolskih sportskih terena od tartana. Balon pokriva povr\u0161inu od 2.200 m2, a slu\u017ei\u0107e &hellip; <\/p>\n","protected":false},"author":2,"featured_media":15546,"comment_status":"open","ping_status":"open","sticky":false,"template":"","format":"standard","meta":{"footnotes":""},"categories":[1524,2,887,21,12,1517],"tags":[3383,497,38],"_links":{"self":[{"href":"https:\/\/centralmedia.rs\/index.php\/wp-json\/wp\/v2\/posts\/15545"}],"collection":[{"href":"https:\/\/centralmedia.rs\/index.php\/wp-json\/wp\/v2\/posts"}],"about":[{"href":"https:\/\/centralmedia.rs\/index.php\/wp-json\/wp\/v2\/types\/post"}],"author":[{"embeddable":true,"href":"https:\/\/centralmedia.rs\/index.php\/wp-json\/wp\/v2\/users\/2"}],"replies":[{"embeddable":true,"href":"https:\/\/centralmedia.rs\/index.php\/wp-json\/wp\/v2\/comments?post=15545"}],"version-history":[{"count":1,"href":"https:\/\/centralmedia.rs\/index.php\/wp-json\/wp\/v2\/posts\/15545\/revisions"}],"predecessor-version":[{"id":15549,"href":"https:\/\/centralmedia.rs\/index.php\/wp-json\/wp\/v2\/posts\/15545\/revisions\/15549"}],"wp:featuredmedia":[{"embeddable":true,"href":"https:\/\/centralmedia.rs\/index.php\/wp-json\/wp\/v2\/media\/15546"}],"wp:attachment":[{"href":"https:\/\/centralmedia.rs\/index.php\/wp-json\/wp\/v2\/media?parent=15545"}],"wp:term":[{"taxonomy":"category","embeddable":true,"href":"https:\/\/centralmedia.rs\/index.php\/wp-json\/wp\/v2\/categories?post=15545"},{"taxonomy":"post_tag","embeddable":true,"href":"https:\/\/centralmedia.rs\/index.php\/wp-json\/wp\/v2\/tags?post=15545"}],"curies":[{"name":"wp","href":"https:\/\/api.w.org\/{rel}","templated":true}]}}