{"id":1555,"date":"2015-12-15T23:42:01","date_gmt":"2015-12-15T23:42:01","guid":{"rendered":"http:\/\/centralmedia.rs\/?p=1555"},"modified":"2015-12-15T23:42:15","modified_gmt":"2015-12-15T23:42:15","slug":"autobus-sa-migrantima-sleteo-sa-auto-puta","status":"publish","type":"post","link":"https:\/\/centralmedia.rs\/index.php\/2015\/12\/15\/autobus-sa-migrantima-sleteo-sa-auto-puta\/","title":{"rendered":"AUTOBUS SA MIGRANTIMA SLETEO SA AUTO PUTA"},"content":{"rendered":"<p>JAGODINA-Autobus sa 50 migranata sa bliskog istoka sleteo ve\u010deras sa autoputa kod Jagodine kre\u0107u\u0107i se u traci prema Beogradu. Nema povre\u0111enih, sem nekoliko ugruvanih lica, me\u0111u njima je trudnica iz Iraka, koja je u devetom mesecu trudno\u0107e. Oni su posle dolaska novog autobusa nastavili putovanje. Pretpostavlja se da je gusta magla uzrok sletanja autobusa sa autoputa.<\/p>\n","protected":false},"excerpt":{"rendered":"<p>JAGODINA-Autobus sa 50 migranata sa bliskog istoka sleteo ve\u010deras sa autoputa kod Jagodine kre\u0107u\u0107i se u traci prema Beogradu. Nema povre\u0111enih, sem nekoliko ugruvanih lica, &hellip; <\/p>\n","protected":false},"author":4,"featured_media":0,"comment_status":"open","ping_status":"open","sticky":false,"template":"","format":"standard","meta":{"footnotes":""},"categories":[20,2,12],"tags":[360,58,147,361],"_links":{"self":[{"href":"https:\/\/centralmedia.rs\/index.php\/wp-json\/wp\/v2\/posts\/1555"}],"collection":[{"href":"https:\/\/centralmedia.rs\/index.php\/wp-json\/wp\/v2\/posts"}],"about":[{"href":"https:\/\/centralmedia.rs\/index.php\/wp-json\/wp\/v2\/types\/post"}],"author":[{"embeddable":true,"href":"https:\/\/centralmedia.rs\/index.php\/wp-json\/wp\/v2\/users\/4"}],"replies":[{"embeddable":true,"href":"https:\/\/centralmedia.rs\/index.php\/wp-json\/wp\/v2\/comments?post=1555"}],"version-history":[{"count":0,"href":"https:\/\/centralmedia.rs\/index.php\/wp-json\/wp\/v2\/posts\/1555\/revisions"}],"wp:attachment":[{"href":"https:\/\/centralmedia.rs\/index.php\/wp-json\/wp\/v2\/media?parent=1555"}],"wp:term":[{"taxonomy":"category","embeddable":true,"href":"https:\/\/centralmedia.rs\/index.php\/wp-json\/wp\/v2\/categories?post=1555"},{"taxonomy":"post_tag","embeddable":true,"href":"https:\/\/centralmedia.rs\/index.php\/wp-json\/wp\/v2\/tags?post=1555"}],"curies":[{"name":"wp","href":"https:\/\/api.w.org\/{rel}","templated":true}]}}