{"id":15567,"date":"2018-12-25T18:03:32","date_gmt":"2018-12-25T18:03:32","guid":{"rendered":"http:\/\/centralmedia.rs\/?p=15567"},"modified":"2018-12-28T20:19:35","modified_gmt":"2018-12-28T20:19:35","slug":"bozic-po-gregorijanskom-kalendaru-u-jagodini","status":"publish","type":"post","link":"https:\/\/centralmedia.rs\/index.php\/2018\/12\/25\/bozic-po-gregorijanskom-kalendaru-u-jagodini\/","title":{"rendered":"BO\u017dI\u0106 PO GREGORIJANSKOM KALENDARU U JAGODINI"},"content":{"rendered":"<p>JAGODINA- Vernici katoli\u010dke crkve sino\u0107 su misom do\u010dekali Bo\u017ei\u0107 u jagodinskoj \u017dupi svetog Lepolda Mandi\u0107a.<\/p>\n<p>&#8211; Sveta misa polno\u0107ka u na\u0161oj \u017eupi sv. Leopolda Mandi\u0107a u Jagodini.\u00a0Na\u0161a &#8220;ku\u0107na crkva&#8221; bila premala da primi toliko mno\u0161tvo vjernika. Ali su srca bila velika i ispunjena sre\u0107om, mirom i blagoslovom.<br \/>\nHvala svim vjernicima i \u017eupljanima, ali i dragim nam gostima iz drugih \u017eupa. Velika mi je radost, milost i blagoslov da sam mogao no\u0107as do\u017eivjeti kako je ono &#8220;malo stado&#8221; pohitalo vidjeti maloga novoro\u0111enoga Kralja Isusa Krista. Neka je svima sretan i blagoslovljen dana\u0161nji blagdan Bo\u017ei\u0107a &#8211; ro\u0111endan Gospodina na\u0161ega Isusa Krista. Svima Vama i Va\u0161im obiteljima \u017eelim Mir i Bo\u017eji blagoslov. Mir Bo\u017eji, Isus se rodi!, napisao je u poruci kancelar Beogradske Nadbiskupije i \u017eupnik u Jagodini i Ravnoj Reci vele\u010dasni Ivan Poleto.<\/p>\n<div id='gallery-1' class='gallery galleryid-15567 gallery-columns-3 gallery-size-full'><figure class='gallery-item'>\n\t\t\t<div class='gallery-icon landscape'>\n\t\t\t\t<a href='https:\/\/centralmedia.rs\/index.php\/2018\/12\/25\/bozic-po-gregorijanskom-kalendaru-u-jagodini\/bozic-1\/'><img loading=\"lazy\" decoding=\"async\" width=\"960\" height=\"720\" src=\"https:\/\/centralmedia.rs\/wp-content\/uploads\/2018\/12\/bozic-1.jpg\" class=\"attachment-full size-full\" alt=\"\" srcset=\"https:\/\/centralmedia.rs\/wp-content\/uploads\/2018\/12\/bozic-1.jpg 960w, https:\/\/centralmedia.rs\/wp-content\/uploads\/2018\/12\/bozic-1-300x225.jpg 300w, https:\/\/centralmedia.rs\/wp-content\/uploads\/2018\/12\/bozic-1-768x576.jpg 768w, https:\/\/centralmedia.rs\/wp-content\/uploads\/2018\/12\/bozic-1-560x420.jpg 560w, https:\/\/centralmedia.rs\/wp-content\/uploads\/2018\/12\/bozic-1-80x60.jpg 80w, https:\/\/centralmedia.rs\/wp-content\/uploads\/2018\/12\/bozic-1-100x75.jpg 100w, https:\/\/centralmedia.rs\/wp-content\/uploads\/2018\/12\/bozic-1-180x135.jpg 180w, https:\/\/centralmedia.rs\/wp-content\/uploads\/2018\/12\/bozic-1-238x178.jpg 238w, https:\/\/centralmedia.rs\/wp-content\/uploads\/2018\/12\/bozic-1-640x480.jpg 640w, https:\/\/centralmedia.rs\/wp-content\/uploads\/2018\/12\/bozic-1-681x511.jpg 681w\" sizes=\"(max-width: 960px) 100vw, 960px\" \/><\/a>\n\t\t\t<\/div><\/figure><figure class='gallery-item'>\n\t\t\t<div class='gallery-icon landscape'>\n\t\t\t\t<a href='https:\/\/centralmedia.rs\/index.php\/2018\/12\/25\/bozic-po-gregorijanskom-kalendaru-u-jagodini\/bozic-2\/'><img loading=\"lazy\" decoding=\"async\" width=\"960\" height=\"720\" src=\"https:\/\/centralmedia.rs\/wp-content\/uploads\/2018\/12\/bozic-2.jpg\" class=\"attachment-full size-full\" alt=\"\" srcset=\"https:\/\/centralmedia.rs\/wp-content\/uploads\/2018\/12\/bozic-2.jpg 960w, https:\/\/centralmedia.rs\/wp-content\/uploads\/2018\/12\/bozic-2-300x225.jpg 300w, https:\/\/centralmedia.rs\/wp-content\/uploads\/2018\/12\/bozic-2-768x576.jpg 768w, https:\/\/centralmedia.rs\/wp-content\/uploads\/2018\/12\/bozic-2-560x420.jpg 560w, https:\/\/centralmedia.rs\/wp-content\/uploads\/2018\/12\/bozic-2-80x60.jpg 80w, https:\/\/centralmedia.rs\/wp-content\/uploads\/2018\/12\/bozic-2-100x75.jpg 100w, https:\/\/centralmedia.rs\/wp-content\/uploads\/2018\/12\/bozic-2-180x135.jpg 180w, https:\/\/centralmedia.rs\/wp-content\/uploads\/2018\/12\/bozic-2-238x178.jpg 238w, https:\/\/centralmedia.rs\/wp-content\/uploads\/2018\/12\/bozic-2-640x480.jpg 640w, https:\/\/centralmedia.rs\/wp-content\/uploads\/2018\/12\/bozic-2-681x511.jpg 681w\" sizes=\"(max-width: 960px) 100vw, 960px\" \/><\/a>\n\t\t\t<\/div><\/figure><figure class='gallery-item'>\n\t\t\t<div class='gallery-icon landscape'>\n\t\t\t\t<a href='https:\/\/centralmedia.rs\/index.php\/2018\/12\/25\/bozic-po-gregorijanskom-kalendaru-u-jagodini\/bozic\/'><img loading=\"lazy\" decoding=\"async\" width=\"960\" height=\"720\" src=\"https:\/\/centralmedia.rs\/wp-content\/uploads\/2018\/12\/bozic.jpg\" class=\"attachment-full size-full\" alt=\"\" srcset=\"https:\/\/centralmedia.rs\/wp-content\/uploads\/2018\/12\/bozic.jpg 960w, https:\/\/centralmedia.rs\/wp-content\/uploads\/2018\/12\/bozic-300x225.jpg 300w, https:\/\/centralmedia.rs\/wp-content\/uploads\/2018\/12\/bozic-768x576.jpg 768w, https:\/\/centralmedia.rs\/wp-content\/uploads\/2018\/12\/bozic-560x420.jpg 560w, https:\/\/centralmedia.rs\/wp-content\/uploads\/2018\/12\/bozic-80x60.jpg 80w, https:\/\/centralmedia.rs\/wp-content\/uploads\/2018\/12\/bozic-100x75.jpg 100w, https:\/\/centralmedia.rs\/wp-content\/uploads\/2018\/12\/bozic-180x135.jpg 180w, https:\/\/centralmedia.rs\/wp-content\/uploads\/2018\/12\/bozic-238x178.jpg 238w, https:\/\/centralmedia.rs\/wp-content\/uploads\/2018\/12\/bozic-640x480.jpg 640w, https:\/\/centralmedia.rs\/wp-content\/uploads\/2018\/12\/bozic-681x511.jpg 681w\" sizes=\"(max-width: 960px) 100vw, 960px\" \/><\/a>\n\t\t\t<\/div><\/figure>\n\t\t<\/div>\n\n","protected":false},"excerpt":{"rendered":"<p>JAGODINA- Vernici katoli\u010dke crkve sino\u0107 su misom do\u010dekali Bo\u017ei\u0107 u jagodinskoj \u017dupi svetog Lepolda Mandi\u0107a. &#8211; Sveta misa polno\u0107ka u na\u0161oj \u017eupi sv. Leopolda Mandi\u0107a &hellip; <\/p>\n","protected":false},"author":2,"featured_media":15568,"comment_status":"open","ping_status":"open","sticky":false,"template":"","format":"standard","meta":{"footnotes":""},"categories":[14,1524,2,1514,12],"tags":[2549,3385,58],"_links":{"self":[{"href":"https:\/\/centralmedia.rs\/index.php\/wp-json\/wp\/v2\/posts\/15567"}],"collection":[{"href":"https:\/\/centralmedia.rs\/index.php\/wp-json\/wp\/v2\/posts"}],"about":[{"href":"https:\/\/centralmedia.rs\/index.php\/wp-json\/wp\/v2\/types\/post"}],"author":[{"embeddable":true,"href":"https:\/\/centralmedia.rs\/index.php\/wp-json\/wp\/v2\/users\/2"}],"replies":[{"embeddable":true,"href":"https:\/\/centralmedia.rs\/index.php\/wp-json\/wp\/v2\/comments?post=15567"}],"version-history":[{"count":1,"href":"https:\/\/centralmedia.rs\/index.php\/wp-json\/wp\/v2\/posts\/15567\/revisions"}],"predecessor-version":[{"id":15572,"href":"https:\/\/centralmedia.rs\/index.php\/wp-json\/wp\/v2\/posts\/15567\/revisions\/15572"}],"wp:featuredmedia":[{"embeddable":true,"href":"https:\/\/centralmedia.rs\/index.php\/wp-json\/wp\/v2\/media\/15568"}],"wp:attachment":[{"href":"https:\/\/centralmedia.rs\/index.php\/wp-json\/wp\/v2\/media?parent=15567"}],"wp:term":[{"taxonomy":"category","embeddable":true,"href":"https:\/\/centralmedia.rs\/index.php\/wp-json\/wp\/v2\/categories?post=15567"},{"taxonomy":"post_tag","embeddable":true,"href":"https:\/\/centralmedia.rs\/index.php\/wp-json\/wp\/v2\/tags?post=15567"}],"curies":[{"name":"wp","href":"https:\/\/api.w.org\/{rel}","templated":true}]}}