{"id":15575,"date":"2018-12-27T13:48:28","date_gmt":"2018-12-27T13:48:28","guid":{"rendered":"http:\/\/centralmedia.rs\/?p=15575"},"modified":"2019-01-05T00:47:27","modified_gmt":"2019-01-05T00:47:27","slug":"milanovic-2018-najuspesnija-godina-za-opstinu-svilajnac-u-protekloj-deceniji","status":"publish","type":"post","link":"https:\/\/centralmedia.rs\/index.php\/2018\/12\/27\/milanovic-2018-najuspesnija-godina-za-opstinu-svilajnac-u-protekloj-deceniji\/","title":{"rendered":"MILANOVI\u0106: 2018. NAJUSPE\u0160NIJA GODINA ZA OP\u0160TINU SVILAJNAC U PROTEKLOJ DECENIJI"},"content":{"rendered":"<p>SVILAJNAC- Na Novogodi\u0161njem koktelu koji op\u0161tina Svilajnac organizuje za privrednike sino\u0107 se okupilo vi\u0161e stotina privrednika iz te op\u0161tine. Predrag Milanovi\u0107, predsednik op\u0161tine Svilajnac, ocenio je da je godina za nama bila najuspe\u0161nija u protekloj deceniji.<\/p>\n<div id='gallery-1' class='gallery galleryid-15575 gallery-columns-5 gallery-size-thumbnail'><figure class='gallery-item'>\n\t\t\t<div class='gallery-icon landscape'>\n\t\t\t\t<a href='https:\/\/centralmedia.rs\/index.php\/2018\/12\/27\/milanovic-2018-najuspesnija-godina-za-opstinu-svilajnac-u-protekloj-deceniji\/milanovic-1\/'><img loading=\"lazy\" decoding=\"async\" width=\"150\" height=\"150\" src=\"https:\/\/centralmedia.rs\/wp-content\/uploads\/2018\/12\/milanovic-1-150x150.jpg\" class=\"attachment-thumbnail size-thumbnail\" alt=\"\" \/><\/a>\n\t\t\t<\/div><\/figure><figure class='gallery-item'>\n\t\t\t<div class='gallery-icon landscape'>\n\t\t\t\t<a href='https:\/\/centralmedia.rs\/index.php\/2018\/12\/27\/milanovic-2018-najuspesnija-godina-za-opstinu-svilajnac-u-protekloj-deceniji\/milanovic-5\/'><img loading=\"lazy\" decoding=\"async\" width=\"150\" height=\"150\" src=\"https:\/\/centralmedia.rs\/wp-content\/uploads\/2018\/12\/milanovic-2-150x150.jpg\" class=\"attachment-thumbnail size-thumbnail\" alt=\"\" \/><\/a>\n\t\t\t<\/div><\/figure><figure class='gallery-item'>\n\t\t\t<div class='gallery-icon landscape'>\n\t\t\t\t<a href='https:\/\/centralmedia.rs\/index.php\/2018\/12\/27\/milanovic-2018-najuspesnija-godina-za-opstinu-svilajnac-u-protekloj-deceniji\/prijem-1-3\/'><img loading=\"lazy\" decoding=\"async\" width=\"150\" height=\"150\" src=\"https:\/\/centralmedia.rs\/wp-content\/uploads\/2018\/12\/prijem-1-150x150.jpg\" class=\"attachment-thumbnail size-thumbnail\" alt=\"\" \/><\/a>\n\t\t\t<\/div><\/figure><figure class='gallery-item'>\n\t\t\t<div class='gallery-icon landscape'>\n\t\t\t\t<a href='https:\/\/centralmedia.rs\/index.php\/2018\/12\/27\/milanovic-2018-najuspesnija-godina-za-opstinu-svilajnac-u-protekloj-deceniji\/prijem-2-3\/'><img loading=\"lazy\" decoding=\"async\" width=\"150\" height=\"150\" src=\"https:\/\/centralmedia.rs\/wp-content\/uploads\/2018\/12\/prijem-2-150x150.jpg\" class=\"attachment-thumbnail size-thumbnail\" alt=\"\" \/><\/a>\n\t\t\t<\/div><\/figure><figure class='gallery-item'>\n\t\t\t<div class='gallery-icon landscape'>\n\t\t\t\t<a href='https:\/\/centralmedia.rs\/index.php\/2018\/12\/27\/milanovic-2018-najuspesnija-godina-za-opstinu-svilajnac-u-protekloj-deceniji\/milanovic-4\/'><img loading=\"lazy\" decoding=\"async\" width=\"150\" height=\"150\" src=\"https:\/\/centralmedia.rs\/wp-content\/uploads\/2018\/12\/milanovic-150x150.jpg\" class=\"attachment-thumbnail size-thumbnail\" alt=\"\" \/><\/a>\n\t\t\t<\/div><\/figure>\n\t\t<\/div>\n\n<p>-Svi zajedno smo uradili ove godine velike stvari za Svilajnac i mislim da je Svilajnac sada konkurent ne samo u Srbiji, nego u regionu, jer ne znam ni jedan grad veli\u010dine Svilajnca koji ima 15 miliona evra investicija. O\u010dekuju nas i nove investicije, \u0161to zna\u010di i nova radna mesta, a od slede\u0107e godine o\u010dekujem da se pove\u0107aju plate, izjavio je Milanovi\u0107 i po\u017eeleo mnogo poslovnih uspeha, zdravlja i sre\u0107e u narednoj godini, te najavio otvaranje fabrike itlijanske kompnije Ariston, kao i jo\u0161 dva industrijska pogona.<\/p>\n<p>Predsednik SO Svilajnac Vladan Rajkovi\u0107 istakao je da ovogodi\u0161nje investvije i broj novih radnih mest prevazilaze njegova velika o\u010dekivanja.<\/p>\n<p>&#8211; Mnogo je postignuto, kao u privredi i poljoprivredi, te vanprivredi. Svako ko to mo\u017ee da vidi,\u00a0 jer je mnogo ura\u0111eno u svim oblastima. Magi\u010dna brojka od 1.000 radnih mesta sa Alfa tehnikom bi\u0107e zaokru\u017eena, a to je za Svilajnac veliki broj. Stanard stanovi\u0161tva je visok, rekonstruisani su zdravstveni i prosvetni objekti. Postavljen je balon na tartan stazi, a bi\u0107e preseljen na zatvoreni bazen. To nam daje stimuolans da istrajemo na ovom putu i pred svih prepreka, rekao je Rajkovi\u0107.<\/p>\n","protected":false},"excerpt":{"rendered":"<p>SVILAJNAC- Na Novogodi\u0161njem koktelu koji op\u0161tina Svilajnac organizuje za privrednike sino\u0107 se okupilo vi\u0161e stotina privrednika iz te op\u0161tine. Predrag Milanovi\u0107, predsednik op\u0161tine Svilajnac, ocenio &hellip; <\/p>\n","protected":false},"author":2,"featured_media":15576,"comment_status":"open","ping_status":"open","sticky":false,"template":"","format":"standard","meta":{"footnotes":""},"categories":[1524,2,13,887,12,1517],"tags":[355,1379,38],"_links":{"self":[{"href":"https:\/\/centralmedia.rs\/index.php\/wp-json\/wp\/v2\/posts\/15575"}],"collection":[{"href":"https:\/\/centralmedia.rs\/index.php\/wp-json\/wp\/v2\/posts"}],"about":[{"href":"https:\/\/centralmedia.rs\/index.php\/wp-json\/wp\/v2\/types\/post"}],"author":[{"embeddable":true,"href":"https:\/\/centralmedia.rs\/index.php\/wp-json\/wp\/v2\/users\/2"}],"replies":[{"embeddable":true,"href":"https:\/\/centralmedia.rs\/index.php\/wp-json\/wp\/v2\/comments?post=15575"}],"version-history":[{"count":1,"href":"https:\/\/centralmedia.rs\/index.php\/wp-json\/wp\/v2\/posts\/15575\/revisions"}],"predecessor-version":[{"id":15581,"href":"https:\/\/centralmedia.rs\/index.php\/wp-json\/wp\/v2\/posts\/15575\/revisions\/15581"}],"wp:featuredmedia":[{"embeddable":true,"href":"https:\/\/centralmedia.rs\/index.php\/wp-json\/wp\/v2\/media\/15576"}],"wp:attachment":[{"href":"https:\/\/centralmedia.rs\/index.php\/wp-json\/wp\/v2\/media?parent=15575"}],"wp:term":[{"taxonomy":"category","embeddable":true,"href":"https:\/\/centralmedia.rs\/index.php\/wp-json\/wp\/v2\/categories?post=15575"},{"taxonomy":"post_tag","embeddable":true,"href":"https:\/\/centralmedia.rs\/index.php\/wp-json\/wp\/v2\/tags?post=15575"}],"curies":[{"name":"wp","href":"https:\/\/api.w.org\/{rel}","templated":true}]}}