{"id":1558,"date":"2015-12-17T06:28:52","date_gmt":"2015-12-17T06:28:52","guid":{"rendered":"http:\/\/centralmedia.rs\/?p=1558"},"modified":"2015-12-17T06:28:52","modified_gmt":"2015-12-17T06:28:52","slug":"evropska-unija-obnovila-skolu-u-paracinu","status":"publish","type":"post","link":"https:\/\/centralmedia.rs\/index.php\/2015\/12\/17\/evropska-unija-obnovila-skolu-u-paracinu\/","title":{"rendered":"EVROPSKA UNIJA OBNOVILA \u0160KOLU U PARA\u0106INU"},"content":{"rendered":"<p>PARA\u0106IN-Tehnolo\u0161ka \u0161kola u Para\u0107inu, koja je rekonstruisana sredstvima Evropske unije kroz Program pomo\u0107i EU poplavljenim podru\u010djima u Srbiji, sve\u010dano je otvorena. EU je izdvojila 145.000 evra za gra\u0111evinske radove u \u0161koli, nabavku name\u0161taja, u\u010dila i opreme.<br \/>\n-Iskustvo sa pro\u0161logodi\u0161njim poplavama pokazalo je koliko je va\u017eno obrazovanje o prevenciji nepogoda koje bi trebalo da bude uvr\u0161teno u \u0161kolski program. Pored ovoga, va\u017eno je graditi \u0161kole koje ispunjavaju standarde koji se primenjuju u Evropskoj uniji, bez \u010dije pomo\u0107i bi rekonstrukcija bila mnogo du\u017ea i te\u017ea, rekao je ministar prosvete, nauke i tehnolo\u0161kog razvoja Sr\u0111an Verbi\u0107.<br \/>\n<a href=\"https:\/\/centralmedia.rs\/wp-content\/uploads\/2015\/12\/EU-pomoc-poplavljenima-Tehnoloska-skola-Paracin-5.jpg\" rel=\"attachment wp-att-1560\"><img loading=\"lazy\" decoding=\"async\" src=\"https:\/\/centralmedia.rs\/wp-content\/uploads\/2015\/12\/EU-pomoc-poplavljenima-Tehnoloska-skola-Paracin-5-300x225.jpg\" alt=\"EU pomoc poplavljenima - Tehnoloska skola Paracin 5\" width=\"300\" height=\"225\" class=\"alignnone size-medium wp-image-1560\" srcset=\"https:\/\/centralmedia.rs\/wp-content\/uploads\/2015\/12\/EU-pomoc-poplavljenima-Tehnoloska-skola-Paracin-5-300x225.jpg 300w, https:\/\/centralmedia.rs\/wp-content\/uploads\/2015\/12\/EU-pomoc-poplavljenima-Tehnoloska-skola-Paracin-5-768x576.jpg 768w, https:\/\/centralmedia.rs\/wp-content\/uploads\/2015\/12\/EU-pomoc-poplavljenima-Tehnoloska-skola-Paracin-5-80x60.jpg 80w, https:\/\/centralmedia.rs\/wp-content\/uploads\/2015\/12\/EU-pomoc-poplavljenima-Tehnoloska-skola-Paracin-5-265x198.jpg 265w, https:\/\/centralmedia.rs\/wp-content\/uploads\/2015\/12\/EU-pomoc-poplavljenima-Tehnoloska-skola-Paracin-5.jpg 900w\" sizes=\"(max-width: 300px) 100vw, 300px\" \/><\/a><br \/>\nRadovi na rekonstrukciji \u0161kole su obuhvatali malterisanje, postavljanje podova i kerami\u010dkih plo\u010dica, zamenu stolarije, izgradnju pregradnih zidova i radove na fasadi. Toaleti su rekonstruisani, a elektro instalacije i kotlarnica obnovljeni. Zahvaljuju\u0107i pomo\u0107i Evropske unije, vi\u0161e od 620 u\u010denika i profesora sada ima adekvatne uslove za u\u010denje i rad.<br \/>\n-Veoma smo zahvalni na svoj pomo\u0107i koju je Evropska unija uputila na\u0161oj \u0161koli, zahvalju\u0107i kojoj su sanirane posledice poplava, istakao je direktor Tehnolo\u0161ke \u0161kole Dejan Ne\u0161i\u0107.<br \/>\n<a href=\"https:\/\/centralmedia.rs\/wp-content\/uploads\/2015\/12\/EU-pomoc-poplavljenima-Tehnoloska-skola-Paracin-4.jpg\" rel=\"attachment wp-att-1561\"><img loading=\"lazy\" decoding=\"async\" src=\"https:\/\/centralmedia.rs\/wp-content\/uploads\/2015\/12\/EU-pomoc-poplavljenima-Tehnoloska-skola-Paracin-4-300x225.jpg\" alt=\"EU pomoc poplavljenima - Tehnoloska skola Paracin 4\" width=\"300\" height=\"225\" class=\"alignnone size-medium wp-image-1561\" srcset=\"https:\/\/centralmedia.rs\/wp-content\/uploads\/2015\/12\/EU-pomoc-poplavljenima-Tehnoloska-skola-Paracin-4-300x225.jpg 300w, https:\/\/centralmedia.rs\/wp-content\/uploads\/2015\/12\/EU-pomoc-poplavljenima-Tehnoloska-skola-Paracin-4-768x576.jpg 768w, https:\/\/centralmedia.rs\/wp-content\/uploads\/2015\/12\/EU-pomoc-poplavljenima-Tehnoloska-skola-Paracin-4-80x60.jpg 80w, https:\/\/centralmedia.rs\/wp-content\/uploads\/2015\/12\/EU-pomoc-poplavljenima-Tehnoloska-skola-Paracin-4-265x198.jpg 265w, https:\/\/centralmedia.rs\/wp-content\/uploads\/2015\/12\/EU-pomoc-poplavljenima-Tehnoloska-skola-Paracin-4.jpg 900w\" sizes=\"(max-width: 300px) 100vw, 300px\" \/><\/a><br \/>\n-Na\u0161e \u0161kole su danas, nakon rekonstrukcije, bolje nego \u0161to su bile pre poplava, naveo je predsednik op\u0161tine Para\u0107in Sa\u0161a Paunovi\u0107 i zahvalio se svim donatorima i gra\u0111anima na pru\u017eenoj pomo\u0107i.<br \/>\nTehnolo\u0161ka \u0161kola je pretrpela velika o\u0161te\u0107enja tokom poplava 2014. godine, kada je zbog izlivanja reke Crnice nivo vode u prizemlju zgrade dostigao 2,6 metara i u potpunosti uni\u0161tio sve kabinete, uklju\u010duju\u0107i inventar, podove, vrata i elektro instalacije. Zbog obima \u0161tete, nastava nije mogla da bude organizovana u prizemlju zgrade, tako da je veliki broj u\u010denika poha\u0111ao \u010dasove u obli\u017enjim objektima koji su manje o\u0161te\u0107eni u poplavama.<\/p>\n","protected":false},"excerpt":{"rendered":"<p>PARA\u0106IN-Tehnolo\u0161ka \u0161kola u Para\u0107inu, koja je rekonstruisana sredstvima Evropske unije kroz Program pomo\u0107i EU poplavljenim podru\u010djima u Srbiji, sve\u010dano je otvorena. EU je izdvojila 145.000 &hellip; <\/p>\n","protected":false},"author":4,"featured_media":1559,"comment_status":"open","ping_status":"open","sticky":false,"template":"","format":"standard","meta":{"footnotes":""},"categories":[14,2,12],"tags":[363,156,362],"_links":{"self":[{"href":"https:\/\/centralmedia.rs\/index.php\/wp-json\/wp\/v2\/posts\/1558"}],"collection":[{"href":"https:\/\/centralmedia.rs\/index.php\/wp-json\/wp\/v2\/posts"}],"about":[{"href":"https:\/\/centralmedia.rs\/index.php\/wp-json\/wp\/v2\/types\/post"}],"author":[{"embeddable":true,"href":"https:\/\/centralmedia.rs\/index.php\/wp-json\/wp\/v2\/users\/4"}],"replies":[{"embeddable":true,"href":"https:\/\/centralmedia.rs\/index.php\/wp-json\/wp\/v2\/comments?post=1558"}],"version-history":[{"count":0,"href":"https:\/\/centralmedia.rs\/index.php\/wp-json\/wp\/v2\/posts\/1558\/revisions"}],"wp:featuredmedia":[{"embeddable":true,"href":"https:\/\/centralmedia.rs\/index.php\/wp-json\/wp\/v2\/media\/1559"}],"wp:attachment":[{"href":"https:\/\/centralmedia.rs\/index.php\/wp-json\/wp\/v2\/media?parent=1558"}],"wp:term":[{"taxonomy":"category","embeddable":true,"href":"https:\/\/centralmedia.rs\/index.php\/wp-json\/wp\/v2\/categories?post=1558"},{"taxonomy":"post_tag","embeddable":true,"href":"https:\/\/centralmedia.rs\/index.php\/wp-json\/wp\/v2\/tags?post=1558"}],"curies":[{"name":"wp","href":"https:\/\/api.w.org\/{rel}","templated":true}]}}