{"id":15712,"date":"2019-01-05T00:24:33","date_gmt":"2019-01-05T00:24:33","guid":{"rendered":"http:\/\/centralmedia.rs\/?p=15712"},"modified":"2019-01-07T22:23:59","modified_gmt":"2019-01-07T22:23:59","slug":"telegraf-oduzeo-mi-je-nevinost-i-od-tada-me-siluje-jeziva-ispovest-devojcice-13-iz-paracina-koju-je-zet-mesecima-napastvovao","status":"publish","type":"post","link":"https:\/\/centralmedia.rs\/index.php\/2019\/01\/05\/telegraf-oduzeo-mi-je-nevinost-i-od-tada-me-siluje-jeziva-ispovest-devojcice-13-iz-paracina-koju-je-zet-mesecima-napastvovao\/","title":{"rendered":"TELEGRAF : Oduzeo mi je nevinost i od tada me siluje: Jeziva ispovest devoj\u010dice (13) iz Para\u0107ina koju je zet mesecima napastvovao"},"content":{"rendered":"<div class=\"article-body\">\n<p>Mladi\u0107 N. T. (22) uhap\u0161en je\u00a0<strong>zbog sumnje da je u \u010detvrtak oko 15 sati silovao maloletnu (13)<\/strong>, koja je ina\u010de sestra njegove \u017eene.\u00a0Silovanje\u00a0se, kako tvrde napastvovana maloletnica i njeni roditelji,\u00a0<strong>desilo u napu\u0161tenoj vikendici na Kara\u0111or\u0111evom brdu u Para\u0107inu, prenosi portal Telegraf<\/strong>.<\/p>\n<div class=\"banner\">\n<div id=\"adoceanrsqpppdwlpby\">Kako se\u00a0saznaje,\u00a0<strong>devoj\u010dica je pregledana u para\u0107inskom domu zdravlja, ali nisu uo\u010dene povrede koje bi ukazivale na silovanje<\/strong>. Policija je, me\u0111utim, podnela krivi\u010dnu prijavu protiv N. T., a da li je po\u010dinio delo za koje ga optu\u017euju, bi\u0107e utvr\u0111eno tokom istrage.\u00a0<strong>On je zasad pu\u0161ten da se brani sa slobode.<\/strong><\/div>\n<\/div>\n<p><strong>Roditelji napastvovane maloletnice rekli su\u00a0da veruju svojoj \u0107erki<\/strong>, a potom su ispri\u010dali \u0161ta se ta\u010dno dogodilo.<\/p>\n<p>&#8211; Poslala sam dete da ide do prodavnice da kupi hleb i mleko. Vratila se uplakana.\u00a0<strong>Rekla je da to vi\u0161e ne mo\u017ee da izdr\u017ei i sve mi je do detalja ispri\u010dala<\/strong>\u00a0&#8211; rekla\u00a0je devoj\u010dicina majka.<\/p>\n<p>O detaljima je,\u00a0uz pristanak roditelja, govorila li\u010dno napastvovana maloletnica.<\/p>\n<h3>&#8220;Pusti\u0107u te kad obavim ono \u0161to sam hteo&#8221;<\/h3>\n<p>&#8211; Kada sam se vra\u0107ala iz prodavnice, delom puta gde nema \u017eive du\u0161e sreli smo se i on je po\u010deo da me vu\u010de za jaknu.\u00a0<strong>Molila sam ga da me pusti, vikala na njega, ali on to kao da nije \u010duo. Rekao mi je: &#8220;Pusti\u0107u te kad obavim ono \u0161to sam hteo!&#8221;<\/strong>\u00a0&#8211; obja\u0161njava trinaestogodi\u0161njakinja.<\/p>\n<p>Tada ju je, kako ka\u017ee, uvukao u oronulu vikendicu.<\/p>\n<p>&#8211; Unutra ima jedan krevet.\u00a0<strong>Vukao me je do njega<\/strong>. Poku\u0161avala sam da se otrgnem, ali nisam mogla.\u00a0<strong>Bacio me na krevet i silovao<\/strong>\u00a0&#8211; tvrdi\u00a0sagovornica.<\/p>\n<p>Ona ka\u017ee da ovo nije bio prvi put da ju je zet napastvovao.<\/p>\n<p>&#8211;\u00a0<strong>Oduzeo mi je nevinost pre nekoliko meseci. I tad me je silovao<\/strong>. Pretio mi je da \u0107e nas sve pobiti ako bilo kome ka\u017eem za to. Zbog\u00a0pretnji, ali i sramote, nisam smela o tome ni\u0161ta da pri\u010dam. Na\u017ealost, to nije bio poslednji put.\u00a0<strong>Kad god je hteo, on me je na silu uvla\u010dio u tu vikendicu<\/strong>\u00a0i protiv moje volje imao\u00a0odnos\u00a0sa mnom &#8211; ka\u017ee devoj\u010dica u prisustvu roditelja.<\/p>\n<p>Kako nam je objasnila, ni sestri od tetke, koja je udata za nasilnika, ni\u0161ta nije govorila.<\/p>\n<p>&#8211; Kako sam mogla bilo \u0161ta da joj ka\u017eem?\u00a0<strong>Mislila sam da \u0107e se N. T. dozvati pameti i da \u0107e me s vremenom ostaviti na miru, ali ne<\/strong>&#8230; Vi\u0161e nisam mogla da izdr\u017eim i sve sam rekla mami &#8211; ka\u017ee potresena devoj\u010dica.<\/p>\n<\/div>\n<div id=\"midasWidget__186\">\n<div class=\"midas-network-article-horizontal-responsive\">\n<div class=\"widget-head cf\">Izvor : Telegraf<\/div>\n<\/div>\n<\/div>\n","protected":false},"excerpt":{"rendered":"<p>Mladi\u0107 N. T. (22) uhap\u0161en je\u00a0zbog sumnje da je u \u010detvrtak oko 15 sati silovao maloletnu (13), koja je ina\u010de sestra njegove \u017eene.\u00a0Silovanje\u00a0se, kako tvrde &hellip; <\/p>\n","protected":false},"author":2,"featured_media":15713,"comment_status":"open","ping_status":"open","sticky":false,"template":"","format":"standard","meta":{"footnotes":""},"categories":[1524,20,2,1516,12],"tags":[156,256,3407],"_links":{"self":[{"href":"https:\/\/centralmedia.rs\/index.php\/wp-json\/wp\/v2\/posts\/15712"}],"collection":[{"href":"https:\/\/centralmedia.rs\/index.php\/wp-json\/wp\/v2\/posts"}],"about":[{"href":"https:\/\/centralmedia.rs\/index.php\/wp-json\/wp\/v2\/types\/post"}],"author":[{"embeddable":true,"href":"https:\/\/centralmedia.rs\/index.php\/wp-json\/wp\/v2\/users\/2"}],"replies":[{"embeddable":true,"href":"https:\/\/centralmedia.rs\/index.php\/wp-json\/wp\/v2\/comments?post=15712"}],"version-history":[{"count":4,"href":"https:\/\/centralmedia.rs\/index.php\/wp-json\/wp\/v2\/posts\/15712\/revisions"}],"predecessor-version":[{"id":15720,"href":"https:\/\/centralmedia.rs\/index.php\/wp-json\/wp\/v2\/posts\/15712\/revisions\/15720"}],"wp:featuredmedia":[{"embeddable":true,"href":"https:\/\/centralmedia.rs\/index.php\/wp-json\/wp\/v2\/media\/15713"}],"wp:attachment":[{"href":"https:\/\/centralmedia.rs\/index.php\/wp-json\/wp\/v2\/media?parent=15712"}],"wp:term":[{"taxonomy":"category","embeddable":true,"href":"https:\/\/centralmedia.rs\/index.php\/wp-json\/wp\/v2\/categories?post=15712"},{"taxonomy":"post_tag","embeddable":true,"href":"https:\/\/centralmedia.rs\/index.php\/wp-json\/wp\/v2\/tags?post=15712"}],"curies":[{"name":"wp","href":"https:\/\/api.w.org\/{rel}","templated":true}]}}