{"id":15724,"date":"2019-01-06T17:24:46","date_gmt":"2019-01-06T17:24:46","guid":{"rendered":"http:\/\/centralmedia.rs\/?p=15724"},"modified":"2019-01-07T22:24:31","modified_gmt":"2019-01-07T22:24:31","slug":"danas-je-badnji-dan","status":"publish","type":"post","link":"https:\/\/centralmedia.rs\/index.php\/2019\/01\/06\/danas-je-badnji-dan\/","title":{"rendered":"Danas je Badnji dan"},"content":{"rendered":"<p class=\"lead\">Pravoslavni vernici koji po\u0161tuju Julijanski kalendar proslavljaju Badnji dan. Zavr\u0161avaju se poslednje pripreme doma i hrane za najradosniji hri\u0161\u0107anski praznik ro\u0111enje Isusa Hrista, Bo\u017ei\u0107.<\/p>\n<div id=\"text\">\n<div id=\"story-text\">\n<p>Slu\u017ebama bdenja i paljenjem badnjaka u pravoslavnim hramovima, kao i na gradskim trgovima, Srpska pravoslavna crkva i vernici, obele\u017eavaju Badnji dan, pripremaju\u0107i se za proslavu ro\u0111enja Isusa Hrista. Bi\u0107e slu\u017eene bo\u017ei\u0107ne liturgije i lomi\u0107e se Bo\u017ei\u0107na \u010desnica.<\/p>\n<p>Badnji dan je poslednji dan bo\u017ei\u0107nog posta i tada se dovr\u0161avaju poslovi oko pripreme doma i hrane za najradosniji hri\u0161\u0107anski praznik ro\u0111enje Isusa Hrista, Bo\u017ei\u0107.<\/p>\n<p>Vernici na Badnji dan uzimaju badnjak koji su uve\u010de pali na ku\u0107nom ognji\u0161tu, kao simbol svetlosti i toplote koja greje i zbli\u017eava uku\u0107ane.<\/p>\n<p>Kod Srba su obi\u010daji za ovaj dan mnogobrojni i razli\u010diti. U ku\u0107u se unosi badnjak, obi\u010dno od hrastove, re\u0111e cerove ili bukove grane. Njih doma\u0107in odse\u010de u zoru da bi ih uve\u010de sve\u010dano uneo u dom i nalo\u017eio na oganj.<\/p>\n<p>Badnjak se preliva vinom i premazuje medom. Obi\u010daj je da se badnjak predve\u010de pali i u crkvenim portama.<\/p>\n<p>Uo\u010di praznika pod ku\u0107e se posipao slamom da bi se do\u010darala pe\u0107ina u Vitlejemu u kojoj se, po predanju, rodio Hrist, a postavlja se i bogata, posna ve\u010dera.<\/p>\n<p>U crkvama \u0161irom Srbije slu\u017ei\u0107e se pove\u010derja i pali\u0107e se badnjaci.<\/p>\n<p>Bo\u017ei\u0107 je porodi\u010dni praznik i slavi se u ku\u0107i. Smatra se da bi tog dana svi koji su tokom godine bili u sva\u0111i, trebalo da se izmire i oproste uvrede.<\/p>\n<p>Pravoslavci mese \u010desnicu i lome na onoliko delova koliko ima uku\u0107ana. U \u010desnicu se stavlja nov\u010di\u0107 od srebra ili zlata koji simbolizuje dar novoro\u0111enome Hristu, a veruje se da \u0107e onaj u \u010dijem komadu bude nov\u010di\u0107, naredne godine biti sre\u0107an.<\/p>\n<\/div>\n<\/div>\n","protected":false},"excerpt":{"rendered":"<p>Pravoslavni vernici koji po\u0161tuju Julijanski kalendar proslavljaju Badnji dan. Zavr\u0161avaju se poslednje pripreme doma i hrane za najradosniji hri\u0161\u0107anski praznik ro\u0111enje Isusa Hrista, Bo\u017ei\u0107. Slu\u017ebama &hellip; <\/p>\n","protected":false},"author":2,"featured_media":15725,"comment_status":"open","ping_status":"open","sticky":false,"template":"","format":"standard","meta":{"footnotes":""},"categories":[14,2,12],"tags":[3411,3412,894],"_links":{"self":[{"href":"https:\/\/centralmedia.rs\/index.php\/wp-json\/wp\/v2\/posts\/15724"}],"collection":[{"href":"https:\/\/centralmedia.rs\/index.php\/wp-json\/wp\/v2\/posts"}],"about":[{"href":"https:\/\/centralmedia.rs\/index.php\/wp-json\/wp\/v2\/types\/post"}],"author":[{"embeddable":true,"href":"https:\/\/centralmedia.rs\/index.php\/wp-json\/wp\/v2\/users\/2"}],"replies":[{"embeddable":true,"href":"https:\/\/centralmedia.rs\/index.php\/wp-json\/wp\/v2\/comments?post=15724"}],"version-history":[{"count":1,"href":"https:\/\/centralmedia.rs\/index.php\/wp-json\/wp\/v2\/posts\/15724\/revisions"}],"predecessor-version":[{"id":15726,"href":"https:\/\/centralmedia.rs\/index.php\/wp-json\/wp\/v2\/posts\/15724\/revisions\/15726"}],"wp:featuredmedia":[{"embeddable":true,"href":"https:\/\/centralmedia.rs\/index.php\/wp-json\/wp\/v2\/media\/15725"}],"wp:attachment":[{"href":"https:\/\/centralmedia.rs\/index.php\/wp-json\/wp\/v2\/media?parent=15724"}],"wp:term":[{"taxonomy":"category","embeddable":true,"href":"https:\/\/centralmedia.rs\/index.php\/wp-json\/wp\/v2\/categories?post=15724"},{"taxonomy":"post_tag","embeddable":true,"href":"https:\/\/centralmedia.rs\/index.php\/wp-json\/wp\/v2\/tags?post=15724"}],"curies":[{"name":"wp","href":"https:\/\/api.w.org\/{rel}","templated":true}]}}