{"id":15738,"date":"2019-01-06T22:44:48","date_gmt":"2019-01-06T22:44:48","guid":{"rendered":"http:\/\/centralmedia.rs\/?p=15738"},"modified":"2019-01-07T22:25:01","modified_gmt":"2019-01-07T22:25:01","slug":"srbija-da-napravi-kompromis-sa-albancima-markovic-da-jednostavno-resimo-taj-problem","status":"publish","type":"post","link":"https:\/\/centralmedia.rs\/index.php\/2019\/01\/06\/srbija-da-napravi-kompromis-sa-albancima-markovic-da-jednostavno-resimo-taj-problem\/","title":{"rendered":"SRBIJA DA NAPRAVI KOMPROMIS SA ALBANCIMA &#8211; MARKOVI\u0106 : DA  JEDNOSTAVNO RE\u0160IMO TAJ PROBLEM"},"content":{"rendered":"<p>JAGODINA- Predsednik JS Dragan Markovi\u0107 Palma izjavio je ve\u010deras da Srbija treba da napravi kompromis sa kosmetskim Albancima, ,,ali ne kompromis gde bi sve izgubili sve&#8221;.<\/p>\n<p>&#8211; Neki kritikuju pravljenje kompromisa, pa kompromis se pravi u porodici, biznisu, sportu&#8230; naravno da je dr\u017eava iznad svih nas i kompromis \u0107e, siguran sam, biti veoma koristna za gra\u0111ane Srbije. I da jednostavno re\u0161imo taj problem, a da nikada ne zaboravimo i ne ostavimo Srbe na KIM. I dalje \u0107emo im pomagati i boriti se da njihova bezbednost bude na visokom nivou. Verujte da mi koji se bavimo politikom i moramo neku odluku da donesemo,a ta odluka \u0107e biti korisna za gra\u0111ane Srbije, rekao je Markovi\u0107.<\/p>\n<p>On je istakao da kosovski Albanci imaju mentore koji im govore \u0161ta treba da rade i sve \u0161to su potpisali sa Srbijom da ne va\u017ei.<\/p>\n<p>&#8211; Vidite da su Albanci danas u jednom gradu na KIM zabranili Srbima da idu u svoju crkvu. Nigde na svetu se ne zabranjuje dan kada neka vera ili neki obi\u010daj treba da se ispo\u0161tuje, samo tamo gde su Srbi, rekao je Markovi\u0107 i zahvalio se parijarhu SPC Irineju, koji, kako je rekao, \u00a0daje podr\u0161ku gra\u0111anima Srbije i ljudima koji vode dr\u017eavu.<\/p>\n<p><img loading=\"lazy\" decoding=\"async\" class=\"alignnone wp-image-15740 size-full\" src=\"http:\/\/centralmedia.rs\/wp-content\/uploads\/2019\/01\/koncarevo.jpg\" alt=\"\" width=\"622\" height=\"1280\" srcset=\"https:\/\/centralmedia.rs\/wp-content\/uploads\/2019\/01\/koncarevo.jpg 622w, https:\/\/centralmedia.rs\/wp-content\/uploads\/2019\/01\/koncarevo-146x300.jpg 146w, https:\/\/centralmedia.rs\/wp-content\/uploads\/2019\/01\/koncarevo-498x1024.jpg 498w, https:\/\/centralmedia.rs\/wp-content\/uploads\/2019\/01\/koncarevo-204x420.jpg 204w\" sizes=\"(max-width: 622px) 100vw, 622px\" \/><\/p>\n<p>Markovi\u0107 je u svom rodnu selu Kon\u010darevu kod Jagodine u crkvi Svetog Jovana, \u010diji je ktitor, tradicionalno organizovao paljenje badnjaka. Ve\u010dernje bdenje je slu\u017eilo vi\u0161e sve\u0161tenika, a prisutvovali su predstavnici politi\u010dkih partija na vlasti i privrednici.<\/p>\n<p><img loading=\"lazy\" decoding=\"async\" class=\"alignnone wp-image-15741 size-full\" src=\"http:\/\/centralmedia.rs\/wp-content\/uploads\/2019\/01\/badnjak.jpg\" alt=\"\" width=\"1280\" height=\"622\" srcset=\"https:\/\/centralmedia.rs\/wp-content\/uploads\/2019\/01\/badnjak.jpg 1280w, https:\/\/centralmedia.rs\/wp-content\/uploads\/2019\/01\/badnjak-300x146.jpg 300w, https:\/\/centralmedia.rs\/wp-content\/uploads\/2019\/01\/badnjak-768x373.jpg 768w, https:\/\/centralmedia.rs\/wp-content\/uploads\/2019\/01\/badnjak-1024x498.jpg 1024w, https:\/\/centralmedia.rs\/wp-content\/uploads\/2019\/01\/badnjak-864x420.jpg 864w, https:\/\/centralmedia.rs\/wp-content\/uploads\/2019\/01\/badnjak-640x311.jpg 640w, https:\/\/centralmedia.rs\/wp-content\/uploads\/2019\/01\/badnjak-681x331.jpg 681w\" sizes=\"(max-width: 1280px) 100vw, 1280px\" \/><\/p>\n","protected":false},"excerpt":{"rendered":"<p>JAGODINA- Predsednik JS Dragan Markovi\u0107 Palma izjavio je ve\u010deras da Srbija treba da napravi kompromis sa kosmetskim Albancima, ,,ali ne kompromis gde bi sve izgubili &hellip; <\/p>\n","protected":false},"author":2,"featured_media":15739,"comment_status":"open","ping_status":"open","sticky":false,"template":"","format":"standard","meta":{"footnotes":""},"categories":[1524,2,1514,13,12],"tags":[3413,2050,143,3414],"_links":{"self":[{"href":"https:\/\/centralmedia.rs\/index.php\/wp-json\/wp\/v2\/posts\/15738"}],"collection":[{"href":"https:\/\/centralmedia.rs\/index.php\/wp-json\/wp\/v2\/posts"}],"about":[{"href":"https:\/\/centralmedia.rs\/index.php\/wp-json\/wp\/v2\/types\/post"}],"author":[{"embeddable":true,"href":"https:\/\/centralmedia.rs\/index.php\/wp-json\/wp\/v2\/users\/2"}],"replies":[{"embeddable":true,"href":"https:\/\/centralmedia.rs\/index.php\/wp-json\/wp\/v2\/comments?post=15738"}],"version-history":[{"count":3,"href":"https:\/\/centralmedia.rs\/index.php\/wp-json\/wp\/v2\/posts\/15738\/revisions"}],"predecessor-version":[{"id":15744,"href":"https:\/\/centralmedia.rs\/index.php\/wp-json\/wp\/v2\/posts\/15738\/revisions\/15744"}],"wp:featuredmedia":[{"embeddable":true,"href":"https:\/\/centralmedia.rs\/index.php\/wp-json\/wp\/v2\/media\/15739"}],"wp:attachment":[{"href":"https:\/\/centralmedia.rs\/index.php\/wp-json\/wp\/v2\/media?parent=15738"}],"wp:term":[{"taxonomy":"category","embeddable":true,"href":"https:\/\/centralmedia.rs\/index.php\/wp-json\/wp\/v2\/categories?post=15738"},{"taxonomy":"post_tag","embeddable":true,"href":"https:\/\/centralmedia.rs\/index.php\/wp-json\/wp\/v2\/tags?post=15738"}],"curies":[{"name":"wp","href":"https:\/\/api.w.org\/{rel}","templated":true}]}}