{"id":15753,"date":"2019-01-08T14:37:45","date_gmt":"2019-01-08T14:37:45","guid":{"rendered":"http:\/\/centralmedia.rs\/?p=15753"},"modified":"2019-01-16T18:17:28","modified_gmt":"2019-01-16T18:17:28","slug":"tradicionalni-docek-srpske-nove-godine-na-trgu-stevana-sindelica-u-svilajncu-koktel-bend-jellena-i-snezanu-sneki-babic","status":"publish","type":"post","link":"https:\/\/centralmedia.rs\/index.php\/2019\/01\/08\/tradicionalni-docek-srpske-nove-godine-na-trgu-stevana-sindelica-u-svilajncu-koktel-bend-jellena-i-snezanu-sneki-babic\/","title":{"rendered":"TRADICIONALNI DO\u010cEK SRPSKE NOVE GODINE NA TRGU STEVANA SIN\u0110ELI\u0106A U SVILAJNCU &#8211; KOKTEL BEND &#038; JELLENU I SNE\u017dANU SNEKI BABI\u0106"},"content":{"rendered":"<p>SVILAJNAC- Tradicionalni do\u010dek Srpske nove godine na trgu Stevana Sin\u0111eli\u0107a u Svilajncu uz Koktel-bend &amp; Jellenu i Sne\u017eanu Sneki Babi\u0107 do\u0111ite u nedelju 13. januara u 23 sata. Organizatori su se potrudili da obezbede kuvano vino, rakiju i spektakularan vatromet, najve\u0107i do sada. Pokrovitelj op\u0161tina Svilajnac, organizator Centar za kulturu.<\/p>\n<div id='gallery-1' class='gallery galleryid-15753 gallery-columns-2 gallery-size-full'><figure class='gallery-item'>\n\t\t\t<div class='gallery-icon landscape'>\n\t\t\t\t<a href='https:\/\/centralmedia.rs\/index.php\/2019\/01\/08\/tradicionalni-docek-srpske-nove-godine-na-trgu-stevana-sindelica-u-svilajncu-koktel-bend-jellena-i-snezanu-sneki-babic\/j-3\/'><img loading=\"lazy\" decoding=\"async\" width=\"1000\" height=\"666\" src=\"https:\/\/centralmedia.rs\/wp-content\/uploads\/2019\/01\/j.jpg\" class=\"attachment-full size-full\" alt=\"\" srcset=\"https:\/\/centralmedia.rs\/wp-content\/uploads\/2019\/01\/j.jpg 1000w, https:\/\/centralmedia.rs\/wp-content\/uploads\/2019\/01\/j-300x200.jpg 300w, https:\/\/centralmedia.rs\/wp-content\/uploads\/2019\/01\/j-768x511.jpg 768w, https:\/\/centralmedia.rs\/wp-content\/uploads\/2019\/01\/j-631x420.jpg 631w, https:\/\/centralmedia.rs\/wp-content\/uploads\/2019\/01\/j-640x426.jpg 640w, https:\/\/centralmedia.rs\/wp-content\/uploads\/2019\/01\/j-681x454.jpg 681w\" sizes=\"(max-width: 1000px) 100vw, 1000px\" \/><\/a>\n\t\t\t<\/div><\/figure><figure class='gallery-item'>\n\t\t\t<div class='gallery-icon landscape'>\n\t\t\t\t<a href='https:\/\/centralmedia.rs\/index.php\/2019\/01\/08\/tradicionalni-docek-srpske-nove-godine-na-trgu-stevana-sindelica-u-svilajncu-koktel-bend-jellena-i-snezanu-sneki-babic\/kb\/'><img loading=\"lazy\" decoding=\"async\" width=\"599\" height=\"535\" src=\"https:\/\/centralmedia.rs\/wp-content\/uploads\/2019\/01\/kb.jpg\" class=\"attachment-full size-full\" alt=\"\" srcset=\"https:\/\/centralmedia.rs\/wp-content\/uploads\/2019\/01\/kb.jpg 599w, https:\/\/centralmedia.rs\/wp-content\/uploads\/2019\/01\/kb-300x268.jpg 300w, https:\/\/centralmedia.rs\/wp-content\/uploads\/2019\/01\/kb-470x420.jpg 470w\" sizes=\"(max-width: 599px) 100vw, 599px\" \/><\/a>\n\t\t\t<\/div><\/figure>\n\t\t<\/div>\n\n","protected":false},"excerpt":{"rendered":"<p>SVILAJNAC- Tradicionalni do\u010dek Srpske nove godine na trgu Stevana Sin\u0111eli\u0107a u Svilajncu uz Koktel-bend &amp; Jellenu i Sne\u017eanu Sneki Babi\u0107 do\u0111ite u nedelju 13. januara &hellip; <\/p>\n","protected":false},"author":2,"featured_media":15754,"comment_status":"open","ping_status":"open","sticky":false,"template":"","format":"standard","meta":{"footnotes":""},"categories":[1524,2,23,1517,3055],"tags":[468,38],"_links":{"self":[{"href":"https:\/\/centralmedia.rs\/index.php\/wp-json\/wp\/v2\/posts\/15753"}],"collection":[{"href":"https:\/\/centralmedia.rs\/index.php\/wp-json\/wp\/v2\/posts"}],"about":[{"href":"https:\/\/centralmedia.rs\/index.php\/wp-json\/wp\/v2\/types\/post"}],"author":[{"embeddable":true,"href":"https:\/\/centralmedia.rs\/index.php\/wp-json\/wp\/v2\/users\/2"}],"replies":[{"embeddable":true,"href":"https:\/\/centralmedia.rs\/index.php\/wp-json\/wp\/v2\/comments?post=15753"}],"version-history":[{"count":2,"href":"https:\/\/centralmedia.rs\/index.php\/wp-json\/wp\/v2\/posts\/15753\/revisions"}],"predecessor-version":[{"id":15758,"href":"https:\/\/centralmedia.rs\/index.php\/wp-json\/wp\/v2\/posts\/15753\/revisions\/15758"}],"wp:featuredmedia":[{"embeddable":true,"href":"https:\/\/centralmedia.rs\/index.php\/wp-json\/wp\/v2\/media\/15754"}],"wp:attachment":[{"href":"https:\/\/centralmedia.rs\/index.php\/wp-json\/wp\/v2\/media?parent=15753"}],"wp:term":[{"taxonomy":"category","embeddable":true,"href":"https:\/\/centralmedia.rs\/index.php\/wp-json\/wp\/v2\/categories?post=15753"},{"taxonomy":"post_tag","embeddable":true,"href":"https:\/\/centralmedia.rs\/index.php\/wp-json\/wp\/v2\/tags?post=15753"}],"curies":[{"name":"wp","href":"https:\/\/api.w.org\/{rel}","templated":true}]}}