{"id":15763,"date":"2019-01-08T21:09:34","date_gmt":"2019-01-08T21:09:34","guid":{"rendered":"http:\/\/centralmedia.rs\/?p=15763"},"modified":"2019-01-10T11:43:13","modified_gmt":"2019-01-10T11:43:13","slug":"kurir-sramota-izivljavanje-hrvata-na-batrovcima-uhapseni-jagodinci-dusan-markovic-i-aleksandar-racic-krenuli-u-banja-luku","status":"publish","type":"post","link":"https:\/\/centralmedia.rs\/index.php\/2019\/01\/08\/kurir-sramota-izivljavanje-hrvata-na-batrovcima-uhapseni-jagodinci-dusan-markovic-i-aleksandar-racic-krenuli-u-banja-luku\/","title":{"rendered":"KURIR: SRAMOTA! I\u017dIVLJAVANJE HRVATA NA BATROVCIMA &#8211; UHAP\u0160ENI JAGODINCI DU\u0160AN MARKOVI\u0106 I ALEKSANDAR RACI\u0106, KRENULI U BANJA LUKU"},"content":{"rendered":"<p>Vlasti Hrvtske zadr\u017eali su danas delegaciju Udru\u017eenja veterana i potomaka nekoliko sati iako su bili sa porodicama i decom, prenosi Kurir.<\/p>\n<p>Privedeni su predsednik Skup\u0161tine VRS Milan Milanovi\u0107 i predsednik Udru\u017eenja potomaka Ivan Petrovi\u0107. Me\u0111u privedenima su bili i Jagodinci predsednik Bunt Du\u0161an Markovi\u0107 i njegov zamenik Aleksandar Raci\u0107. Razlog privo\u0111enja je nepoznat i nije saop\u0161ten, mada na\u0161i sagovornici ka\u017eu da su njihova imena proveravana na nekom od spiskova koje su hrvatski grani\u010dari i policajci imali u kompjuteru.<\/p>\n<p>Udru\u017eenje veterana Srbije tra\u017ei\u0107e od srpskog Ministarstva inostranih poslova da uputi protestnu notu Republici Hrvatskoj i tra\u017ei odgovore zbog ovog incidenta.<\/p>\n<p>Zahvaljuju\u0107i brzoj reakciji Ministarstva inostranih poslova Vlade Srbije danas zadr\u017eani predstavnici veterena i potomaka nastavili su put Banjaluke na proslavu Dana Republike Srpske. Put su nastavili po\u0161to su privedeni na grani\u010dnom prelazu Batrovci zajedno sa svojim porodicama.<\/p>\n<p>Nakon intervencije ambasade Srbije u Zagrebu, kako saznajemo Ljudmila Ostoji\u0107, konzul na\u0161e zemlje u Vukovaru li\u010dno se pojavila na grani\u010dnom prelazu-<\/p>\n<p>&#8211; Ona je tra\u017eila hitno obaj\u0161njejnne za\u0161to su dr\u017eavljani Srbije zadr\u017eani i prakti\u010dno uhap\u0161eni i svaka joj \u010dast. Zatekla je na\u0161e sugra\u0111ene privedene na granici i oni nisu mogli da se javljaju na mobilne telefone. Tek posle njene intervencije nastavil su put- ka\u017eu na\u0161i sagovornici.<\/p>\n<p>&nbsp;<\/p>\n<p>&nbsp;<\/p>\n","protected":false},"excerpt":{"rendered":"<p>Vlasti Hrvtske zadr\u017eali su danas delegaciju Udru\u017eenja veterana i potomaka nekoliko sati iako su bili sa porodicama i decom, prenosi Kurir. Privedeni su predsednik Skup\u0161tine &hellip; <\/p>\n","protected":false},"author":2,"featured_media":15764,"comment_status":"open","ping_status":"open","sticky":false,"template":"","format":"standard","meta":{"footnotes":""},"categories":[20,2,12],"tags":[3418,2308,1653,3419],"_links":{"self":[{"href":"https:\/\/centralmedia.rs\/index.php\/wp-json\/wp\/v2\/posts\/15763"}],"collection":[{"href":"https:\/\/centralmedia.rs\/index.php\/wp-json\/wp\/v2\/posts"}],"about":[{"href":"https:\/\/centralmedia.rs\/index.php\/wp-json\/wp\/v2\/types\/post"}],"author":[{"embeddable":true,"href":"https:\/\/centralmedia.rs\/index.php\/wp-json\/wp\/v2\/users\/2"}],"replies":[{"embeddable":true,"href":"https:\/\/centralmedia.rs\/index.php\/wp-json\/wp\/v2\/comments?post=15763"}],"version-history":[{"count":1,"href":"https:\/\/centralmedia.rs\/index.php\/wp-json\/wp\/v2\/posts\/15763\/revisions"}],"predecessor-version":[{"id":15765,"href":"https:\/\/centralmedia.rs\/index.php\/wp-json\/wp\/v2\/posts\/15763\/revisions\/15765"}],"wp:featuredmedia":[{"embeddable":true,"href":"https:\/\/centralmedia.rs\/index.php\/wp-json\/wp\/v2\/media\/15764"}],"wp:attachment":[{"href":"https:\/\/centralmedia.rs\/index.php\/wp-json\/wp\/v2\/media?parent=15763"}],"wp:term":[{"taxonomy":"category","embeddable":true,"href":"https:\/\/centralmedia.rs\/index.php\/wp-json\/wp\/v2\/categories?post=15763"},{"taxonomy":"post_tag","embeddable":true,"href":"https:\/\/centralmedia.rs\/index.php\/wp-json\/wp\/v2\/tags?post=15763"}],"curies":[{"name":"wp","href":"https:\/\/api.w.org\/{rel}","templated":true}]}}