{"id":15769,"date":"2019-01-10T10:20:17","date_gmt":"2019-01-10T10:20:17","guid":{"rendered":"http:\/\/centralmedia.rs\/?p=15769"},"modified":"2019-01-10T10:20:17","modified_gmt":"2019-01-10T10:20:17","slug":"stamatovic-telekom-kao-naprednjacko-topovsko-dule-protiv-politickih-neistomisljenika","status":"publish","type":"post","link":"https:\/\/centralmedia.rs\/index.php\/2019\/01\/10\/stamatovic-telekom-kao-naprednjacko-topovsko-dule-protiv-politickih-neistomisljenika\/","title":{"rendered":"Stamatovi\u0107: &#8220;Telekom&#8221; kao naprednja\u010dko topovsko \u0111ule protiv politi\u010dkih neistomi\u0161ljenika"},"content":{"rendered":"<p>\u010cajetina\u2013 Da u Srbiji vi\u0161e ne stanuje nikakva sloboda zbora i govora i da sve medijske sadr\u017eaje kontroli\u0161u jedan \u010dovek i njegova stranka, kr\u0161e\u0107i sve mogu\u0107e zakone ove zemlje, pokazuje i namera re\u017eima da, preko &#8221;Telekoma Srbija&#8221;, pokupuje sve preostale manje kablovske operatere u Srbiji, \u0161to dokazuje i kupovina jo\u0161 dva kablovska operatera, Radijus vektor i AVkom, sve, tobo\u017ee, sa ciljem ja\u010danja pozicije &#8221;Telekoma&#8221; na tr\u017ei\u0161tu, iako se dobro zna da je glavni plan naprednjaka da, preuzimanjem novih kablovskih opreatera, prikriju plja\u010dka\u0161ku kupovinu kablovskog sistema &#8220;Kopernikus&#8221; za 195 miliona evra narodnog novca koji je iskori\u0161\u0107en za ekspresnu kupovinu dve uticajne televizije sa nacionalnom frekvencijom, da bi se ugu\u0161ilo i ono malo kriti\u010dkog mi\u0161ljenja i relativno objektivnih medija\u00a0 \u2013 izjavio je Milan Stamatovi\u0107, predsednik Inicijativnog odbora Zdrave Srbije (ZS).<\/p>\n<p>Stamatovi\u0107 isti\u010de da &#8220;no\u0107na&#8221; kupovina &#8220;Kopernikusa&#8221; za koji je pla\u0107eno dva puta vi\u0161e novca nego \u0161to su fantomska bra\u0107a &#8220;Abudabi\u0107ani&#8221; platili ceo PKB sa sve 23.000 hektara najskupljeg zemlji\u0161ta u prestonici, ali i napredno prisvajanje televizija Prva i O2, nije ni\u0161ta drugo nego jo\u0161 jedna u nizu demonstracija sile i diktature koju sprovodi napredna vlast koja, pod firmom izmi\u0161ljenih razvojnih strategija &#8221;Telekoma&#8221;,\u00a0 slu\u017ei za uspostavljanje apsolutne vlasti nad svim medijima u Srbiji koji im slu\u017ee isklju\u010divo kao propagandna artiljerija za najbrutalnije obra\u010dune sa politi\u010dkim neistomi\u0161ljenicima.<\/p>\n","protected":false},"excerpt":{"rendered":"<p>\u010cajetina\u2013 Da u Srbiji vi\u0161e ne stanuje nikakva sloboda zbora i govora i da sve medijske sadr\u017eaje kontroli\u0161u jedan \u010dovek i njegova stranka, kr\u0161e\u0107i sve &hellip; <\/p>\n","protected":false},"author":2,"featured_media":13731,"comment_status":"open","ping_status":"open","sticky":false,"template":"","format":"standard","meta":{"footnotes":""},"categories":[2875,1524,2,13,887,12],"tags":[2762,1794],"_links":{"self":[{"href":"https:\/\/centralmedia.rs\/index.php\/wp-json\/wp\/v2\/posts\/15769"}],"collection":[{"href":"https:\/\/centralmedia.rs\/index.php\/wp-json\/wp\/v2\/posts"}],"about":[{"href":"https:\/\/centralmedia.rs\/index.php\/wp-json\/wp\/v2\/types\/post"}],"author":[{"embeddable":true,"href":"https:\/\/centralmedia.rs\/index.php\/wp-json\/wp\/v2\/users\/2"}],"replies":[{"embeddable":true,"href":"https:\/\/centralmedia.rs\/index.php\/wp-json\/wp\/v2\/comments?post=15769"}],"version-history":[{"count":1,"href":"https:\/\/centralmedia.rs\/index.php\/wp-json\/wp\/v2\/posts\/15769\/revisions"}],"predecessor-version":[{"id":15770,"href":"https:\/\/centralmedia.rs\/index.php\/wp-json\/wp\/v2\/posts\/15769\/revisions\/15770"}],"wp:featuredmedia":[{"embeddable":true,"href":"https:\/\/centralmedia.rs\/index.php\/wp-json\/wp\/v2\/media\/13731"}],"wp:attachment":[{"href":"https:\/\/centralmedia.rs\/index.php\/wp-json\/wp\/v2\/media?parent=15769"}],"wp:term":[{"taxonomy":"category","embeddable":true,"href":"https:\/\/centralmedia.rs\/index.php\/wp-json\/wp\/v2\/categories?post=15769"},{"taxonomy":"post_tag","embeddable":true,"href":"https:\/\/centralmedia.rs\/index.php\/wp-json\/wp\/v2\/tags?post=15769"}],"curies":[{"name":"wp","href":"https:\/\/api.w.org\/{rel}","templated":true}]}}