{"id":15779,"date":"2019-01-10T11:39:23","date_gmt":"2019-01-10T11:39:23","guid":{"rendered":"http:\/\/centralmedia.rs\/?p=15779"},"modified":"2019-01-22T22:53:26","modified_gmt":"2019-01-22T22:53:26","slug":"najava-izlozbe-zivotinje-afrike-u-svilajncu-africki-slon-i-krokodil-prvi-put-u-srbiji","status":"publish","type":"post","link":"https:\/\/centralmedia.rs\/index.php\/2019\/01\/10\/najava-izlozbe-zivotinje-afrike-u-svilajncu-africki-slon-i-krokodil-prvi-put-u-srbiji\/","title":{"rendered":"NAJAVA IZLO\u017dBE \u017dIVOTINJE AFRIKE U SVILAJNCU &#8211; AFRI\u010cKI SLON I KROKODIL PRVI PUT U SRBIJI"},"content":{"rendered":"<p>SVILAJNAC- U toku su pripreme za izlo\u017ebu ,,\u017divotinje Afrike&#8221;, koja \u0107e obele\u017eiti 2019. godinu u Prirodnja\u010dkom centru Srbije u Svilajncu, a ve\u0107 sada vlada veliko intresovanje javnosti jer su prvi preparati pristigli, dok najve\u0107u pa\u017enju privla\u010de umetni\u010dki modeli afri\u010dkog slona i krokodila u prirodnoj veli\u010dini.<\/p>\n<div id='gallery-1' class='gallery galleryid-15779 gallery-columns-5 gallery-size-thumbnail'><figure class='gallery-item'>\n\t\t\t<div class='gallery-icon portrait'>\n\t\t\t\t<a href='https:\/\/centralmedia.rs\/index.php\/2019\/01\/10\/najava-izlozbe-zivotinje-afrike-u-svilajncu-africki-slon-i-krokodil-prvi-put-u-srbiji\/fial\/'><img loading=\"lazy\" decoding=\"async\" width=\"150\" height=\"150\" src=\"https:\/\/centralmedia.rs\/wp-content\/uploads\/2019\/01\/fial-150x150.jpg\" class=\"attachment-thumbnail size-thumbnail\" alt=\"\" \/><\/a>\n\t\t\t<\/div><\/figure><figure class='gallery-item'>\n\t\t\t<div class='gallery-icon portrait'>\n\t\t\t\t<a href='https:\/\/centralmedia.rs\/index.php\/2019\/01\/10\/najava-izlozbe-zivotinje-afrike-u-svilajncu-africki-slon-i-krokodil-prvi-put-u-srbiji\/kroko-1\/'><img loading=\"lazy\" decoding=\"async\" width=\"150\" height=\"150\" src=\"https:\/\/centralmedia.rs\/wp-content\/uploads\/2019\/01\/kroko-1-150x150.jpg\" class=\"attachment-thumbnail size-thumbnail\" alt=\"\" \/><\/a>\n\t\t\t<\/div><\/figure><figure class='gallery-item'>\n\t\t\t<div class='gallery-icon landscape'>\n\t\t\t\t<a href='https:\/\/centralmedia.rs\/index.php\/2019\/01\/10\/najava-izlozbe-zivotinje-afrike-u-svilajncu-africki-slon-i-krokodil-prvi-put-u-srbiji\/kroko\/'><img loading=\"lazy\" decoding=\"async\" width=\"150\" height=\"150\" src=\"https:\/\/centralmedia.rs\/wp-content\/uploads\/2019\/01\/kroko-150x150.jpg\" class=\"attachment-thumbnail size-thumbnail\" alt=\"\" \/><\/a>\n\t\t\t<\/div><\/figure><figure class='gallery-item'>\n\t\t\t<div class='gallery-icon landscape'>\n\t\t\t\t<a href='https:\/\/centralmedia.rs\/index.php\/2019\/01\/10\/najava-izlozbe-zivotinje-afrike-u-svilajncu-africki-slon-i-krokodil-prvi-put-u-srbiji\/slon-1\/'><img loading=\"lazy\" decoding=\"async\" width=\"150\" height=\"150\" src=\"https:\/\/centralmedia.rs\/wp-content\/uploads\/2019\/01\/slon-1-150x150.jpg\" class=\"attachment-thumbnail size-thumbnail\" alt=\"\" \/><\/a>\n\t\t\t<\/div><\/figure><figure class='gallery-item'>\n\t\t\t<div class='gallery-icon portrait'>\n\t\t\t\t<a href='https:\/\/centralmedia.rs\/index.php\/2019\/01\/10\/najava-izlozbe-zivotinje-afrike-u-svilajncu-africki-slon-i-krokodil-prvi-put-u-srbiji\/slon-2\/'><img loading=\"lazy\" decoding=\"async\" width=\"150\" height=\"150\" src=\"https:\/\/centralmedia.rs\/wp-content\/uploads\/2019\/01\/slon-2-150x150.jpg\" class=\"attachment-thumbnail size-thumbnail\" alt=\"\" \/><\/a>\n\t\t\t<\/div><\/figure>\n\t\t<\/div>\n\n<p>&#8211; U svetu postoje samo dva zoolo\u0161ka vrta sa afri\u010dkim slonom, ostalo su indijski. Bio sam skepti\u010dan prema svom radu, mislio sam da modeli nisu dovoljno verodostojni, ali svetski ekspert za izradu modela divljih \u017eivotinja Afrike Art Valen iz Holandije mi je rekao da je svilajna\u010dki slon jedan od najlep\u0161ih modela na svetu koje on video, \u010dak i kada je re\u010d o preparatima. Mesec dana sam u Holandiji u\u010dio razlike me\u0111u polovima slonovima, prednjih i zadnjih nogu, na\u010dina naboravanja ko\u017ee, veli\u010dine kljova&#8230;. Umetni\u010dki modeli afri\u010dkog slona se rade zbog zabrane lova, ali i kada se preparira uginuli primerak to su preskupi radovi, isti\u010de primenjeni umetnik Sr\u0111an Filipovi\u0107 Fila.<\/p>\n<p>Sve je bilo komplikovano prilikom izrade dodaje on i otkriva da se slon se zove Vim po svetskom stru\u010dnjaku za preparate afri\u010dkih \u017eivotinja. Tako\u0111e je i krokodil njegovih ruku delo.<\/p>\n","protected":false},"excerpt":{"rendered":"<p>SVILAJNAC- U toku su pripreme za izlo\u017ebu ,,\u017divotinje Afrike&#8221;, koja \u0107e obele\u017eiti 2019. godinu u Prirodnja\u010dkom centru Srbije u Svilajncu, a ve\u0107 sada vlada veliko &hellip; <\/p>\n","protected":false},"author":2,"featured_media":15780,"comment_status":"open","ping_status":"open","sticky":false,"template":"","format":"standard","meta":{"footnotes":""},"categories":[1524,2,15,12,1517],"tags":[288,38,3422],"_links":{"self":[{"href":"https:\/\/centralmedia.rs\/index.php\/wp-json\/wp\/v2\/posts\/15779"}],"collection":[{"href":"https:\/\/centralmedia.rs\/index.php\/wp-json\/wp\/v2\/posts"}],"about":[{"href":"https:\/\/centralmedia.rs\/index.php\/wp-json\/wp\/v2\/types\/post"}],"author":[{"embeddable":true,"href":"https:\/\/centralmedia.rs\/index.php\/wp-json\/wp\/v2\/users\/2"}],"replies":[{"embeddable":true,"href":"https:\/\/centralmedia.rs\/index.php\/wp-json\/wp\/v2\/comments?post=15779"}],"version-history":[{"count":1,"href":"https:\/\/centralmedia.rs\/index.php\/wp-json\/wp\/v2\/posts\/15779\/revisions"}],"predecessor-version":[{"id":15786,"href":"https:\/\/centralmedia.rs\/index.php\/wp-json\/wp\/v2\/posts\/15779\/revisions\/15786"}],"wp:featuredmedia":[{"embeddable":true,"href":"https:\/\/centralmedia.rs\/index.php\/wp-json\/wp\/v2\/media\/15780"}],"wp:attachment":[{"href":"https:\/\/centralmedia.rs\/index.php\/wp-json\/wp\/v2\/media?parent=15779"}],"wp:term":[{"taxonomy":"category","embeddable":true,"href":"https:\/\/centralmedia.rs\/index.php\/wp-json\/wp\/v2\/categories?post=15779"},{"taxonomy":"post_tag","embeddable":true,"href":"https:\/\/centralmedia.rs\/index.php\/wp-json\/wp\/v2\/tags?post=15779"}],"curies":[{"name":"wp","href":"https:\/\/api.w.org\/{rel}","templated":true}]}}