{"id":15809,"date":"2019-01-12T00:14:34","date_gmt":"2019-01-12T00:14:34","guid":{"rendered":"http:\/\/centralmedia.rs\/?p=15809"},"modified":"2019-01-16T12:08:02","modified_gmt":"2019-01-16T12:08:02","slug":"u-akciji-policije-u-pomoravlju-sedmorici-odredeno-zadrzavanje","status":"publish","type":"post","link":"https:\/\/centralmedia.rs\/index.php\/2019\/01\/12\/u-akciji-policije-u-pomoravlju-sedmorici-odredeno-zadrzavanje\/","title":{"rendered":"U AKCIJI POLICIJE U POMORAVLJU &#8211; SEDMORICI ODRE\u0110ENO ZADR\u017dAVANJE"},"content":{"rendered":"<p>JAGODINA- Kako nezvani\u010dno saznajemo u akciji pripadnika MUP Srbija u \u0161est gradova Pomoravskog okruga zadr\u017eano je 7. mu\u0161karaca koji se dovode u vezu sa izvr\u0161enjem nekih od najte\u017eih krivi\u010dni dela. Re\u010d je o licima za koje se sumnja da predstavljaju vo\u0111e ili su vrhu kriminalnih klanova. Njima je odre\u0111ena mera zadr\u017eavanja do 48 sati, posle koje mogu biti procesuirati pred nadle\u017enim tu\u017eila\u0161tvom uz krivi\u010dnu prijavu ili pu\u0161teni na slobodu zbog nedostatka dokaza. Policija je najavila da \u0107e o svemu detajnije obavestiti javnost saop\u0161tenjem.<\/p>\n<p>Da podsetimo, ministar Neboj\u0161a Stefanovi\u0107 je u petak rekao da je tokom policijske akcije zadr\u017eano 150 lica koje se dovode u vezu sa nekim od najte\u017eih krivi\u010dni dela u Srbiji.<\/p>\n<p>Vi\u0161e desetina osumnji\u010denih uhap\u0161eno je jutros u obimnoj akciji prilikom koje je policija upala u nekoliko stotina ku\u0107a i stanova. Me\u0111u privedenima su i Neboj\u0161a Stojkovi\u0107 Stojke, Zvonko Mateovi\u0107, Zoran Had\u017ei Jovanovi\u0107, Vladimir Karan, Ljubi\u0161a Lindo, V. Vukoti\u0107, Jovanovi\u0107&#8230;<\/p>\n<p>On je dodao da dr\u017eava ne\u0107e stati u progonu onih koji se bave najte\u017eim krivi\u010dnim delima i trgovinom narkoticima.<\/p>\n<p>&#8211; Poseban udarac \u0107emo imati na one koji se bave krivi\u010dnim delima u vezi sa nasilje i ubistvima&#8221;, rekao je ministar i dodao da \u0107e naglasak dr\u017eave biti na &#8220;stalnoj akciji&#8221; koja \u0107e doprineti da se ovi ljudi ne ose\u0107aju lagodno i ne budu mirni na teritoriji Srbije.<\/p>\n<p>-Ima\u0107emo stalni pritisak policije i tu\u017eila\u0161tva na sva lica koja se sumnji\u010de za\u00a0te\u0161ka krivi\u010dna dela. MUP i Ministarstvo pravde \u0107e sutra predlo\u017eiti predsedniku Srbije izmene zakona koje \u0107e omogu\u0107iti efikasniju borbu protiv kriminala i poo\u0161triti sankcije za razna krivi\u010dna dela&#8221;, rekao je Stefanovi\u0107.<\/p>\n<p>Ministarka pravde Nela Kuburovi\u0107 rekla je da su analize pokazale to da su sudovi odustajali \u010desto od te\u0161ke kaznene politike, da bi se u ve\u0107ini slu\u010dajeva dodeljivale uslovne presude.<\/p>\n<p>&nbsp;<\/p>\n","protected":false},"excerpt":{"rendered":"<p>JAGODINA- Kako nezvani\u010dno saznajemo u akciji pripadnika MUP Srbija u \u0161est gradova Pomoravskog okruga zadr\u017eano je 7. mu\u0161karaca koji se dovode u vezu sa izvr\u0161enjem &hellip; <\/p>\n","protected":false},"author":2,"featured_media":13881,"comment_status":"open","ping_status":"open","sticky":false,"template":"","format":"standard","meta":{"footnotes":""},"categories":[20,2,12],"tags":[714,3429,130,3428],"_links":{"self":[{"href":"https:\/\/centralmedia.rs\/index.php\/wp-json\/wp\/v2\/posts\/15809"}],"collection":[{"href":"https:\/\/centralmedia.rs\/index.php\/wp-json\/wp\/v2\/posts"}],"about":[{"href":"https:\/\/centralmedia.rs\/index.php\/wp-json\/wp\/v2\/types\/post"}],"author":[{"embeddable":true,"href":"https:\/\/centralmedia.rs\/index.php\/wp-json\/wp\/v2\/users\/2"}],"replies":[{"embeddable":true,"href":"https:\/\/centralmedia.rs\/index.php\/wp-json\/wp\/v2\/comments?post=15809"}],"version-history":[{"count":5,"href":"https:\/\/centralmedia.rs\/index.php\/wp-json\/wp\/v2\/posts\/15809\/revisions"}],"predecessor-version":[{"id":15814,"href":"https:\/\/centralmedia.rs\/index.php\/wp-json\/wp\/v2\/posts\/15809\/revisions\/15814"}],"wp:featuredmedia":[{"embeddable":true,"href":"https:\/\/centralmedia.rs\/index.php\/wp-json\/wp\/v2\/media\/13881"}],"wp:attachment":[{"href":"https:\/\/centralmedia.rs\/index.php\/wp-json\/wp\/v2\/media?parent=15809"}],"wp:term":[{"taxonomy":"category","embeddable":true,"href":"https:\/\/centralmedia.rs\/index.php\/wp-json\/wp\/v2\/categories?post=15809"},{"taxonomy":"post_tag","embeddable":true,"href":"https:\/\/centralmedia.rs\/index.php\/wp-json\/wp\/v2\/tags?post=15809"}],"curies":[{"name":"wp","href":"https:\/\/api.w.org\/{rel}","templated":true}]}}