{"id":15843,"date":"2019-01-14T17:30:48","date_gmt":"2019-01-14T17:30:48","guid":{"rendered":"http:\/\/centralmedia.rs\/?p=15843"},"modified":"2019-01-14T17:30:48","modified_gmt":"2019-01-14T17:30:48","slug":"srpska-nova-godina-u-svilajncu","status":"publish","type":"post","link":"https:\/\/centralmedia.rs\/index.php\/2019\/01\/14\/srpska-nova-godina-u-svilajncu\/","title":{"rendered":"SRPSKA NOVA GODINA U SVILAJNCU"},"content":{"rendered":"<p>SVILAJNAC- Svilajn\u010dani su srpsku Novu godinu do\u010dekali na Trgu Stevana Sin\u0111eli uz koncert Sne\u017eane Sneki Babi\u0107 i Jellene i Koktel benda. Publika je u\u017eivala u spektakularnom vatrometu u pono\u0107, ali i toplim napicima, dobroj muzici i veseloj atmosferi.<\/p>\n","protected":false},"excerpt":{"rendered":"<p>SVILAJNAC- Svilajn\u010dani su srpsku Novu godinu do\u010dekali na Trgu Stevana Sin\u0111eli uz koncert Sne\u017eane Sneki Babi\u0107 i Jellene i Koktel benda. Publika je u\u017eivala u &hellip; <\/p>\n","protected":false},"author":2,"featured_media":15844,"comment_status":"open","ping_status":"open","sticky":false,"template":"","format":"standard","meta":{"footnotes":""},"categories":[1524,2,23,1517,3055],"tags":[446,468,38],"_links":{"self":[{"href":"https:\/\/centralmedia.rs\/index.php\/wp-json\/wp\/v2\/posts\/15843"}],"collection":[{"href":"https:\/\/centralmedia.rs\/index.php\/wp-json\/wp\/v2\/posts"}],"about":[{"href":"https:\/\/centralmedia.rs\/index.php\/wp-json\/wp\/v2\/types\/post"}],"author":[{"embeddable":true,"href":"https:\/\/centralmedia.rs\/index.php\/wp-json\/wp\/v2\/users\/2"}],"replies":[{"embeddable":true,"href":"https:\/\/centralmedia.rs\/index.php\/wp-json\/wp\/v2\/comments?post=15843"}],"version-history":[{"count":1,"href":"https:\/\/centralmedia.rs\/index.php\/wp-json\/wp\/v2\/posts\/15843\/revisions"}],"predecessor-version":[{"id":15845,"href":"https:\/\/centralmedia.rs\/index.php\/wp-json\/wp\/v2\/posts\/15843\/revisions\/15845"}],"wp:featuredmedia":[{"embeddable":true,"href":"https:\/\/centralmedia.rs\/index.php\/wp-json\/wp\/v2\/media\/15844"}],"wp:attachment":[{"href":"https:\/\/centralmedia.rs\/index.php\/wp-json\/wp\/v2\/media?parent=15843"}],"wp:term":[{"taxonomy":"category","embeddable":true,"href":"https:\/\/centralmedia.rs\/index.php\/wp-json\/wp\/v2\/categories?post=15843"},{"taxonomy":"post_tag","embeddable":true,"href":"https:\/\/centralmedia.rs\/index.php\/wp-json\/wp\/v2\/tags?post=15843"}],"curies":[{"name":"wp","href":"https:\/\/api.w.org\/{rel}","templated":true}]}}