{"id":15893,"date":"2019-01-21T14:14:52","date_gmt":"2019-01-21T14:14:52","guid":{"rendered":"http:\/\/centralmedia.rs\/?p=15893"},"modified":"2019-01-22T22:48:39","modified_gmt":"2019-01-22T22:48:39","slug":"zavrsena-rekonstrukcija-os-rada-miljkovic-u-jagodini-palma-maksimalno-ulazemo-u-decu-i-mlade","status":"publish","type":"post","link":"https:\/\/centralmedia.rs\/index.php\/2019\/01\/21\/zavrsena-rekonstrukcija-os-rada-miljkovic-u-jagodini-palma-maksimalno-ulazemo-u-decu-i-mlade\/","title":{"rendered":"ZAVR\u0160ENA REKONSTRUKCIJA O\u0160 RADA MILJKOVI\u0106 U JAGODINI &#8211; PALMA: MAKSIMALNO ULA\u017dEMO U DECU I MLADE"},"content":{"rendered":"<p>JAGODINA- U Jagodini je danas u prisustvu predsednika Skup\u0161tine grada Jagodine Dragan Markovi\u0107a Palme i dr\u017eavnog sekretara ministarstva prosvete Marka Milenkovi\u0107a otvorena adaptirana osnovna \u0161kola \u201eRada Miljkovi\u0107\u201c. Vrednost radova 102 miliona dinara.<\/p>\n<p>-Potpuno adaptirana osnovna \u0161kola \u201eRada Miljkovi\u0107\u201c u Jagodini sigurno je jedna od najboljih u Srbiji. \u017delim da se zahvalim Kancelariji za upravljanje javnim ulaganjima Republike Srbije, koja je u\u010destvovala sa 68 miliona dinara, dok je Skup\u0161tina grada Jagodine opredelila 34 miliona. Kada su u pitanju deca i mladi vi znate da tu maksimalno ula\u017eemo. \u017delim da poru\u010dim i prosvetnim radnicima koji su primali nadoknadu za putne tro\u0161kove da \u0107e i dalje zadr\u017eati to pravo, iako je od ju\u010de besplatan autobuski prevozu na celoj teritoriji grada Jagodine. Nikome ni\u0161ta ne\u0107emo ukinuti. Tako\u0111e poru\u010dujem deci, da ne\u0107emo ukinuti ono \u0161to radimo ve\u0107 14 godina, a to je da osnovci koji zavr\u0161e 4. i 8. razred osnovne \u0161kole idu o tro\u0161ku svog grada na more u Crnu Goru, a oni koji zavr\u0161e srednju \u0161kolu u Gr\u010dku. Tako \u0107e biti i ove godine, poru\u010dio je predsednik Skup\u0161tine grada Jagodine Dragan Markovi\u0107 Palma i najavio za pet do \u0161est dana otvaranje spomenika \u010duvenom Nu\u0161i\u0107evom putniku iz Jagodine Jovan\u010di Mici\u0107u, na ulazu iz \u0106uprije, koji \u0107e, kako je rekao, biti jo\u0161 jedna turisti\u010dka atrakcija pomoravske prestonice.<\/p>\n<p>-Za svaku pohvalu i vredna pa\u017enje je odluka Skup\u0161tine grada Jagodine i njenog predsednika Dragana Markovi\u0107a Palme da u\u010destvuje u adaptaciji ove \u0161kole. Ministru prosvete Mladenu \u0160ar\u010devi\u0107u je veoma drago kada \u0161irom Srbije vidi plodove zajedni\u010dkog rada Vlade Republike Srbije i uspe\u0161nih lokalnih samouprava, \u0161to Jagodina bez sumnje jeste, rekao je dr\u017eavni sekretar Ministarstva prosvete, nauke i tehnolo\u0161kog razvoja Srbije, Marko Milenkovi\u0107.<\/p>\n<p>Direktorka osnovne \u0161kole \u201eRada Miljkovi\u0107\u201c u Jagodini Sanja Pribakovi\u0107 rekla je da ova rekonstruisana \u0161kola zadovoljava sve evropske standarde. \u0160kola, koja ima preko hiljadu \u0111aka, u potpunosti je rekonstruisana. Uz zgradu, rekonstruisano je i veliko \u0161kolsko dvori\u0161te, zatim sanitarni \u010dvorovi, kanalizacija, elektroenergetske, telekomunikacione, ma\u0161inske i hidrotehni\u010dke instalacije, a postavljena je i nova ograda sa prednje strane uz veoma prometnu glavnu ulicu.<\/p>\n<table>\n<tbody>\n<tr>\n<td width=\"22\"><\/td>\n<td width=\"756\"><\/td>\n<\/tr>\n<\/tbody>\n<\/table>\n<p>&nbsp;<\/p>\n","protected":false},"excerpt":{"rendered":"<p>JAGODINA- U Jagodini je danas u prisustvu predsednika Skup\u0161tine grada Jagodine Dragan Markovi\u0107a Palme i dr\u017eavnog sekretara ministarstva prosvete Marka Milenkovi\u0107a otvorena adaptirana osnovna \u0161kola &hellip; <\/p>\n","protected":false},"author":2,"featured_media":2813,"comment_status":"open","ping_status":"open","sticky":false,"template":"","format":"standard","meta":{"footnotes":""},"categories":[14,1524,2,1514,12],"tags":[58,259],"_links":{"self":[{"href":"https:\/\/centralmedia.rs\/index.php\/wp-json\/wp\/v2\/posts\/15893"}],"collection":[{"href":"https:\/\/centralmedia.rs\/index.php\/wp-json\/wp\/v2\/posts"}],"about":[{"href":"https:\/\/centralmedia.rs\/index.php\/wp-json\/wp\/v2\/types\/post"}],"author":[{"embeddable":true,"href":"https:\/\/centralmedia.rs\/index.php\/wp-json\/wp\/v2\/users\/2"}],"replies":[{"embeddable":true,"href":"https:\/\/centralmedia.rs\/index.php\/wp-json\/wp\/v2\/comments?post=15893"}],"version-history":[{"count":1,"href":"https:\/\/centralmedia.rs\/index.php\/wp-json\/wp\/v2\/posts\/15893\/revisions"}],"predecessor-version":[{"id":15894,"href":"https:\/\/centralmedia.rs\/index.php\/wp-json\/wp\/v2\/posts\/15893\/revisions\/15894"}],"wp:featuredmedia":[{"embeddable":true,"href":"https:\/\/centralmedia.rs\/index.php\/wp-json\/wp\/v2\/media\/2813"}],"wp:attachment":[{"href":"https:\/\/centralmedia.rs\/index.php\/wp-json\/wp\/v2\/media?parent=15893"}],"wp:term":[{"taxonomy":"category","embeddable":true,"href":"https:\/\/centralmedia.rs\/index.php\/wp-json\/wp\/v2\/categories?post=15893"},{"taxonomy":"post_tag","embeddable":true,"href":"https:\/\/centralmedia.rs\/index.php\/wp-json\/wp\/v2\/tags?post=15893"}],"curies":[{"name":"wp","href":"https:\/\/api.w.org\/{rel}","templated":true}]}}