{"id":15920,"date":"2019-01-22T22:39:40","date_gmt":"2019-01-22T22:39:40","guid":{"rendered":"http:\/\/centralmedia.rs\/?p=15920"},"modified":"2019-01-26T16:00:08","modified_gmt":"2019-01-26T16:00:08","slug":"danas-licni-stavovi-zasto-ce-naprednjaci-pokusati-da-raspisu-vanredne-lokalne-izbore-vucicev-problem-s-malim-vucicima","status":"publish","type":"post","link":"https:\/\/centralmedia.rs\/index.php\/2019\/01\/22\/danas-licni-stavovi-zasto-ce-naprednjaci-pokusati-da-raspisu-vanredne-lokalne-izbore-vucicev-problem-s-malim-vucicima\/","title":{"rendered":"DANAS: Li\u010dni stavovi &#8211; Za\u0161to \u0107e naprednjaci poku\u0161ati da raspi\u0161u vanredne lokalne izbore &#8211; Vu\u010di\u0107ev problem s \u201emalim Vu\u010di\u0107ima\u201c"},"content":{"rendered":"<p><strong>AUTOR JE PREDSEDNIK OP\u0160TINE PARA\u0106IN I POTPREDSEDNIK DEMOKRATSKE STRANKE<\/strong><\/p>\n<p>Uz naga\u0111anje o vanrednim parlamentarnim izborima spominje se mogu\u0107nost organizovanja vanrednih lokalnih izbora \u010diji je redovni termin april 2020. god. Javnost koju ne zanimaju lokalne politi\u010dke teme, a u tu javnost ubrajam i skoro sve politi\u010dare koji se u vlasti i opoziciji bave \u201edr\u017eavnim pitanjima\u201c, licitira sa datumom odr\u017eavanja lokalnih izbora kao da je re\u010d o prijateljskoj fudbalskoj utakmici.<\/p>\n<p>A stvar je jasna: vanredni lokalni izbori u sada\u0161njem ustavnom okviru nisu mogu\u0107i pre pomenutog aprila 2020. god.<\/p>\n<p>U normalnoj zemlji ovde bi se zavr\u0161ila i svaka rasprava, jer je trajanje mandata odbornika za\u0161ti\u0107eno Ustavom, pa nikakav zakon, uredba ili politi\u010dki dogovor ne mo\u017ee to da promeni. Ustavna odredba je veoma jasna, tu ne poma\u017eu ni kreativna tuma\u010denja. Ali Srbija vi\u0161e ne spada u \u201enormalne\u201c zemlje, pa hajde da vidimo za\u0161to bi iko razmi\u0161ljao o lokalnim izborima kad im vreme nije?<\/p>\n<p>Tu stvari postaju jasnije. Jedini interes da se odr\u017ee vanredni lokalnih izbori ima vladaju\u0107a stranka i to dvostruki. Za\u0161to? U SNS-u znaju da u ovom trenutku na parlamentarnim izborima jo\u0161 mogu da dobiju veliku podr\u0161ku, imaju sve medije, svu dr\u017eavnu silu, opozicija je jo\u0161 uvek slaba. Me\u0111utim ovo je poslednji takav trenutak, jer stvari se s protestima i pojavom Saveza za Srbiju ubrzano menjaju. Promene ne\u0107e sti\u0107i preko no\u0107i, ali ve\u0107 2020. god. uz malo organizacije zaljulja\u0107e se temelji autokratije. \u010cekati redovne parlamentarne izbore veliki je rizik i zato se naprednjacima \u017euri.<\/p>\n<p>Tu po\u010dinju problemi, jer ako se organizuju samo parlamentarni izbori, lokalne vlasti koje u 95% op\u0161tina i gradova dr\u017ei SNS mogle bi da dogodine do\u017eive potpunu izbornu katastrofu. \u201eNarod voli Vu\u010di\u0107a\u201c, ali ne voli \u201emale Vu\u010di\u0107e\u201c \u0161irom Srbije koji ja\u0161u na popularnosti vo\u0111e, a sami ne bi bili izabrani ni za predsednika odeljenske zajednice. Naprednja\u010dka propaganda stvorila je iluziju da \u201eSrbija napreduje\u201c, da se \u201eotvaraju fabrike\u201c i ova iluzija odli\u010dno funkcioni\u0161e na makro nivou. Glasa\u010di SNS zaista veruju da smo najuva\u017eeniji u svetu, da su plate za motanje kablova 90 hiljada, ali da mladi ne\u0107e da rade i da su ekonomski problemi re\u0161eni. Slom tog modela manipulacije de\u0161ava se na lokalnom nivou. Svako jasno vidi u svom okru\u017eenju da vlada totalno bezna\u0111e, da mladi odlaze, da su plate bedne, da vladaju nesigurnost, mafija i bahati SNS lokalni tajkuni, da cene rastu i da \u017eivimo bezvredne \u017eivote.<\/p>\n<p>Po\u0161to jo\u0161 uvek zbog totalne medijske propagande ne shvataju obmanu, svoje nezadovoljstvo glasa\u010di SNS prebacuju na lokalnu \u2013 mikro sredinu. Logika je: \u201esvuda sve napreduje, otvaraju se firme, dobre su plate, samo kod ovih na\u0161ih lokalnih nesposobnjakovi\u0107a nema napretka, korumpirani su, bahati, ne interesuju ih narodne muke\u2026\u201c<\/p>\n<p>U takvoj situaciji, opozicija \u0107e uz malo organizacije pregaziti lokalne SNS mediokritete ako ih ne \u0161titi \u201emo\u0107ni vo\u0111a\u201c poklapanjem kampanja, tako da se glasa \u201eza Vu\u010di\u0107a\u201c i na lokalu i na republici.<\/p>\n<p>Opet, po\u0161to je SNS interesna organizacija, bez ideologije osim dr\u017eanja vlasti po svaku cenu \u0161to du\u017ee, ni vrh SNS ne sme da se \u201ezakune\u201c da \u0107e lokalci odraditi kako treba dr\u017eavnu kampanju ako nema lokalnih izbora.<\/p>\n<p>Dakle, interes za istovremeno odr\u017eavanje parlamentarnih i lokalnih izbora, uz nala\u017eenje \u201ere\u0161enja\u201c da se skrati mandat odbornika je samo jedan \u2013 partijski interes SNS-a. Drugog nema.<\/p>\n<p>Ako je tako, da li SNS ima neka re\u0161enja na raspolaganju? Normalnih re\u0161enja nema, ali postoje dva \u201enenormalna\u201c. Prvo je testirano raspisivanjem iznenadnih i nezakonitih izbora u Kladovu, Doljevcu i Kuli. Izbori su raspisani jer su predsednici op\u0161tina podneli ostavke, a u roku od mesec dana nisu izabrani novi i to je uzeto kao osnov za raspu\u0161tanje lokalnih skup\u0161tina. Sjajno re\u0161enje, ali odbornici lokalnih skup\u0161tina nisu bili obave\u0161teni o podno\u0161enju ostavki kako to zakon nala\u017ee i nisu imali priliku da izaberu nove predsednike, a to je bilo jasno kr\u0161enje zakona i ustavnih prava odbornika. Dakle, potpuno je mogu\u0107e da se sutra probudite u Novom Sadu, Ni\u0161u, Kragujevcu, pa i Beogradu i da saznate da je pre mesec dana gradona\u010delnik podneo ostavku o \u010demu niko nije imao pojma i da su zato raspisani izbori u tim gradovima. Uz doru\u010dak sazna\u0107ete da je SNS ve\u0107 predao kompletnu odborni\u010dku listu i krenuo u kampanju, dok ostatak planete jo\u0161 uvek nema pojma ni da su izbori raspisani. To naravno nisu ni fer ni po\u0161teni a ni zakoniti izbori, ali videli smo da su mogu\u0107i i da su ve\u0107 organizovani, mo\u017eda ba\u0161 kao proba za \u201e\u0161iri plan\u201c ove godine (o tome se dosta govorilo pro\u0161le godine u krugovima SNS-a).<\/p>\n<p>Druga mogu\u0107nost je da se samo zbog spajanja izbora napre\u010dac izmeni Ustav samo u delu koji bi omogu\u0107io skra\u0107ivanje mandata odbornika uz izbegavanje referenduma. Ovo re\u0161enje osim \u0161to ima o\u010diglednu manu \u2013 da se Ustav menja zarad jednokratnog partijskog interesa, \u0161to dodatno bruka vlast, ima i druge nedostatke. Gubi se faktor iznena\u0111enja, potrebno je vreme za sprovo\u0111enje procedura, a takav zahvat doveo bi i do izbora u Beogradu. Ujedinjena opozicija koja nije bila dovoljno organizovana pre godinu dana ovog puta mogla bi da preuzme Beograd, \u0161to bi bio kraj vlasti SNS-a na svim nivoima.<\/p>\n<p>Bilo \u0161ta osim navedene dve mogu\u0107nosti bilo bi jasno kao dan \u2013 dr\u017eavni udar koji je izveo SNS u nameri da dr\u017eavu podredi partijskom interesu i imalo bi podjednaku ustavnu i zakonsku podlogu kao i odluka Narodne skup\u0161tine da sasvim ukine izbore jer naprednjaci imaju dovoljnu ve\u0107inu i da tako ne\u0161to izglasaju.<\/p>\n<p>Licitiranje o \u201eskra\u0107enju mandata\u201c odbornika u partijskom interesu ogoljava i jo\u0161 jedno svojstvo lokalnih SNS kadrova. Malo ko se tu uop\u0161te bavi lokalnim temama i problemima gra\u0111ana. Skriveni iza \u201e\u0161tita\u201c \u2013 lidera stranke, oni ne moraju da budu ni sposobni ni posve\u0107eni sopstvenom poslu.<\/p>\n<p>Glavne politi\u010dke bitke u taboru SNS vode se zato oko toga kod koga \u0107e se \u201ezate\u0107i pe\u010dat\u201c kad se bude predavala odborni\u010dka lista. Svejedno ko je na listi, bira\u010di glasaju za Vu\u010di\u0107a i samo je va\u017eno ko listu sastavlja. Otuda ogor\u010dene bitke naprednjaka \u0161irom Srbije, brojne lokalne frakcije SNS fran\u0161ize, \u201eizvorni\u201c, \u201epreleta\u010di\u201c, desetine odbora u v.d. stanju \u2013 nije va\u017eno \u0161ta si obe\u0107ao gra\u0111anima, \u0161ta \u0107e\u0161 uraditi, kakvi su ti planovi, va\u017eno je samo da se u trenutku izbora zatekne\u0161 u \u201esedlu\u201c, da sastavi\u0161 odborni\u010dku listu od \u201etvojih ljudi\u201c. Nema tu lokalne politike, lokalne demokratije, lokalne samouprave, ni bilo kakvih interesa gra\u0111ana. Zato \u0107e to sve i propasti, ali do tog trenutka toliko \u0107e toga u Srbiji biti uni\u0161teno, da \u0107e svako posle njih godinama morati da \u010disti kr\u0161 i lom ostavljen posle te pijane \u017eurke, pre nego \u0161to bude u stanju da se prihvati bilo kakvog ozbiljnog posla.<\/p>\n<p>&nbsp;<\/p>\n","protected":false},"excerpt":{"rendered":"<p>AUTOR JE PREDSEDNIK OP\u0160TINE PARA\u0106IN I POTPREDSEDNIK DEMOKRATSKE STRANKE Uz naga\u0111anje o vanrednim parlamentarnim izborima spominje se mogu\u0107nost organizovanja vanrednih lokalnih izbora \u010diji je redovni &hellip; <\/p>\n","protected":false},"author":2,"featured_media":15198,"comment_status":"open","ping_status":"open","sticky":false,"template":"","format":"standard","meta":{"footnotes":""},"categories":[1524,2,19,1516,12],"tags":[3447,3446,552],"_links":{"self":[{"href":"https:\/\/centralmedia.rs\/index.php\/wp-json\/wp\/v2\/posts\/15920"}],"collection":[{"href":"https:\/\/centralmedia.rs\/index.php\/wp-json\/wp\/v2\/posts"}],"about":[{"href":"https:\/\/centralmedia.rs\/index.php\/wp-json\/wp\/v2\/types\/post"}],"author":[{"embeddable":true,"href":"https:\/\/centralmedia.rs\/index.php\/wp-json\/wp\/v2\/users\/2"}],"replies":[{"embeddable":true,"href":"https:\/\/centralmedia.rs\/index.php\/wp-json\/wp\/v2\/comments?post=15920"}],"version-history":[{"count":1,"href":"https:\/\/centralmedia.rs\/index.php\/wp-json\/wp\/v2\/posts\/15920\/revisions"}],"predecessor-version":[{"id":15921,"href":"https:\/\/centralmedia.rs\/index.php\/wp-json\/wp\/v2\/posts\/15920\/revisions\/15921"}],"wp:featuredmedia":[{"embeddable":true,"href":"https:\/\/centralmedia.rs\/index.php\/wp-json\/wp\/v2\/media\/15198"}],"wp:attachment":[{"href":"https:\/\/centralmedia.rs\/index.php\/wp-json\/wp\/v2\/media?parent=15920"}],"wp:term":[{"taxonomy":"category","embeddable":true,"href":"https:\/\/centralmedia.rs\/index.php\/wp-json\/wp\/v2\/categories?post=15920"},{"taxonomy":"post_tag","embeddable":true,"href":"https:\/\/centralmedia.rs\/index.php\/wp-json\/wp\/v2\/tags?post=15920"}],"curies":[{"name":"wp","href":"https:\/\/api.w.org\/{rel}","templated":true}]}}