{"id":15930,"date":"2019-01-23T11:50:22","date_gmt":"2019-01-23T11:50:22","guid":{"rendered":"http:\/\/centralmedia.rs\/?p=15930"},"modified":"2019-01-26T16:02:39","modified_gmt":"2019-01-26T16:02:39","slug":"palma-u-javnom-prevozu-od-rajkinca-do-jagodine-besplatnim-prevozom-omoguceno-povecanje-zarada","status":"publish","type":"post","link":"https:\/\/centralmedia.rs\/index.php\/2019\/01\/23\/palma-u-javnom-prevozu-od-rajkinca-do-jagodine-besplatnim-prevozom-omoguceno-povecanje-zarada\/","title":{"rendered":"PALMA U JAVNOM PREVOZU OD RAJKINCA DO JAGODINE &#8211; BESPLATNIM PREVOZOM, OMOGU\u0106ENO POVE\u0106ANJE ZARADA"},"content":{"rendered":"<p>JAGODINA- Predsednik Skup\u0161tine grada Jagodina Dragan Markovi\u0107 Palma jutros je, voze\u0107i se sa gra\u0111anima u javnom prevozu na liniji Rajkinac-Jagodina, izjavio je da je taj grad odlukom o besplatnom autobuskom prevozu omogu\u0107io pove\u0107anje zarada radnika. Markovi\u0107i je obja\u0161njavao blagodeti bespaltno prevoza ,,gra\u0111ani na selu, na ovaj na\u010din, vi\u0161e ne\u0107e biti uskra\u0107eni da do\u0111u u grad i zavr\u0161e poslove, deca \u0107e mo\u0107i da odu do grada i klizaju, iza\u0111u u \u0161etnju, stariji pija\u010dnim danom da obi\u0111u pijacu i ro\u0111ake&#8221;.<\/p>\n<div id='gallery-1' class='gallery galleryid-15930 gallery-columns-8 gallery-size-thumbnail'><figure class='gallery-item'>\n\t\t\t<div class='gallery-icon landscape'>\n\t\t\t\t<a href='https:\/\/centralmedia.rs\/index.php\/2019\/01\/23\/palma-u-javnom-prevozu-od-rajkinca-do-jagodine-besplatnim-prevozom-omoguceno-povecanje-zarada\/palma-2-3\/'><img loading=\"lazy\" decoding=\"async\" width=\"150\" height=\"150\" src=\"https:\/\/centralmedia.rs\/wp-content\/uploads\/2019\/01\/palma-2-150x150.jpg\" class=\"attachment-thumbnail size-thumbnail\" alt=\"\" \/><\/a>\n\t\t\t<\/div><\/figure><figure class='gallery-item'>\n\t\t\t<div class='gallery-icon landscape'>\n\t\t\t\t<a href='https:\/\/centralmedia.rs\/index.php\/2019\/01\/23\/palma-u-javnom-prevozu-od-rajkinca-do-jagodine-besplatnim-prevozom-omoguceno-povecanje-zarada\/palma-3-2\/'><img loading=\"lazy\" decoding=\"async\" width=\"150\" height=\"150\" src=\"https:\/\/centralmedia.rs\/wp-content\/uploads\/2019\/01\/palma-3-150x150.jpg\" class=\"attachment-thumbnail size-thumbnail\" alt=\"\" \/><\/a>\n\t\t\t<\/div><\/figure><figure class='gallery-item'>\n\t\t\t<div class='gallery-icon landscape'>\n\t\t\t\t<a href='https:\/\/centralmedia.rs\/index.php\/2019\/01\/23\/palma-u-javnom-prevozu-od-rajkinca-do-jagodine-besplatnim-prevozom-omoguceno-povecanje-zarada\/palma-4-2\/'><img loading=\"lazy\" decoding=\"async\" width=\"150\" height=\"150\" src=\"https:\/\/centralmedia.rs\/wp-content\/uploads\/2019\/01\/palma-4-150x150.jpg\" class=\"attachment-thumbnail size-thumbnail\" alt=\"\" \/><\/a>\n\t\t\t<\/div><\/figure><figure class='gallery-item'>\n\t\t\t<div class='gallery-icon landscape'>\n\t\t\t\t<a href='https:\/\/centralmedia.rs\/index.php\/2019\/01\/23\/palma-u-javnom-prevozu-od-rajkinca-do-jagodine-besplatnim-prevozom-omoguceno-povecanje-zarada\/palma-5-2\/'><img loading=\"lazy\" decoding=\"async\" width=\"150\" height=\"150\" src=\"https:\/\/centralmedia.rs\/wp-content\/uploads\/2019\/01\/palma-5-150x150.jpg\" class=\"attachment-thumbnail size-thumbnail\" alt=\"\" \/><\/a>\n\t\t\t<\/div><\/figure><figure class='gallery-item'>\n\t\t\t<div class='gallery-icon landscape'>\n\t\t\t\t<a href='https:\/\/centralmedia.rs\/index.php\/2019\/01\/23\/palma-u-javnom-prevozu-od-rajkinca-do-jagodine-besplatnim-prevozom-omoguceno-povecanje-zarada\/palma-6-2\/'><img loading=\"lazy\" decoding=\"async\" width=\"150\" height=\"150\" src=\"https:\/\/centralmedia.rs\/wp-content\/uploads\/2019\/01\/palma-6-150x150.jpg\" class=\"attachment-thumbnail size-thumbnail\" alt=\"\" \/><\/a>\n\t\t\t<\/div><\/figure><figure class='gallery-item'>\n\t\t\t<div class='gallery-icon landscape'>\n\t\t\t\t<a href='https:\/\/centralmedia.rs\/index.php\/2019\/01\/23\/palma-u-javnom-prevozu-od-rajkinca-do-jagodine-besplatnim-prevozom-omoguceno-povecanje-zarada\/palma-7-2\/'><img loading=\"lazy\" decoding=\"async\" width=\"150\" height=\"150\" src=\"https:\/\/centralmedia.rs\/wp-content\/uploads\/2019\/01\/palma-7-150x150.jpg\" class=\"attachment-thumbnail size-thumbnail\" alt=\"\" \/><\/a>\n\t\t\t<\/div><\/figure><figure class='gallery-item'>\n\t\t\t<div class='gallery-icon portrait'>\n\t\t\t\t<a href='https:\/\/centralmedia.rs\/index.php\/2019\/01\/23\/palma-u-javnom-prevozu-od-rajkinca-do-jagodine-besplatnim-prevozom-omoguceno-povecanje-zarada\/palma-14\/'><img loading=\"lazy\" decoding=\"async\" width=\"150\" height=\"150\" src=\"https:\/\/centralmedia.rs\/wp-content\/uploads\/2019\/01\/palma-8-150x150.jpg\" class=\"attachment-thumbnail size-thumbnail\" alt=\"\" \/><\/a>\n\t\t\t<\/div><\/figure><figure class='gallery-item'>\n\t\t\t<div class='gallery-icon landscape'>\n\t\t\t\t<a href='https:\/\/centralmedia.rs\/index.php\/2019\/01\/23\/palma-u-javnom-prevozu-od-rajkinca-do-jagodine-besplatnim-prevozom-omoguceno-povecanje-zarada\/rajkinac\/'><img loading=\"lazy\" decoding=\"async\" width=\"150\" height=\"150\" src=\"https:\/\/centralmedia.rs\/wp-content\/uploads\/2019\/01\/rajkinac-150x150.jpg\" class=\"attachment-thumbnail size-thumbnail\" alt=\"\" \/><\/a>\n\t\t\t<\/div><\/figure>\n\t\t<\/div>\n\n<p>&#8211; Ukoliko poslodavci radnicima, koji koriste javni prevoz, uskrate dosada\u0161nju nov\u010danu nadoknadu, neka se jave u Gradsku upravu i mi \u0107emo zamoliti njihove nadre\u0111ene da im ne uskra\u0107uju to pravo. Grad je na ovaj na\u010din omogu\u0107io pove\u0107anje zarada radnika, ali i da vi\u0161e para ostaje u porodi\u010dnim bud\u017eetima, jer je sa besplatnim prevozom ta cifra do 15.000 mese\u010dno. \u0160to se ti\u010de javnih preduze\u0107a i prosvete, grad \u0107e ispla\u0107ivati zaposlenima nadoknadu, pri\u010dao je Markovi\u0107 gra\u0111anima koji su bili u autobusu.<\/p>\n<p>Markovi\u0107 je na svakoj stanici spremno do\u010dekivao gra\u0111ane, koji su bili veoma iznena\u0111eni \u0161to ga vide u autobusu. Uz obavezna ponavljanja benefita koji im grad omogu\u0107uje, gra\u0111ani su sa Markovi\u0107em \u0107askali govoto sat vremena i o obi\u010dnim porodi\u010dnim tema. Vozio sam se sa gra\u0111anima u javnom prevozu na kompletnoj relaciji do dvadesetak kilometara.<\/p>\n<p>&#8211; Hteo sam da se uverim u kvalitet prevoza i da li se po\u0161tuje satnica polaska. Rekao sam gra\u0111anima da ukoliko se dogodi da autobus kasni, slede\u0107eg dana \u00a0\u0107e vlasnik autoprevoznog preduze\u0107a za sve putnike obezbediti po sendvi\u010d, rekao je Markovi\u0107 u \u0161ali i dodao ,,pre pet ili \u0161est godina poslednji put sam se vozio javim prevozom. I tada su gra\u0111ani bili iznena\u0111eni. Video sam ljude koje sam ranije dru\u017eio, lepo smo se ispri\u010dali.&#8221;<\/p>\n<p>On je najavio da \u0107e grad Jagodina 4. mart organizovati putovanje za 850 studenata u Be\u010d, a u krajem maja, po\u010detkom juna 1.000 gra\u0111ana u Paraliju. Osnovci i srednjo\u0161kolci tradicionalno letuju na moru.<\/p>\n","protected":false},"excerpt":{"rendered":"<p>JAGODINA- Predsednik Skup\u0161tine grada Jagodina Dragan Markovi\u0107 Palma jutros je, voze\u0107i se sa gra\u0111anima u javnom prevozu na liniji Rajkinac-Jagodina, izjavio je da je taj &hellip; <\/p>\n","protected":false},"author":2,"featured_media":15931,"comment_status":"open","ping_status":"open","sticky":false,"template":"","format":"standard","meta":{"footnotes":""},"categories":[1524,2,1514,13,12],"tags":[534,58,3450],"_links":{"self":[{"href":"https:\/\/centralmedia.rs\/index.php\/wp-json\/wp\/v2\/posts\/15930"}],"collection":[{"href":"https:\/\/centralmedia.rs\/index.php\/wp-json\/wp\/v2\/posts"}],"about":[{"href":"https:\/\/centralmedia.rs\/index.php\/wp-json\/wp\/v2\/types\/post"}],"author":[{"embeddable":true,"href":"https:\/\/centralmedia.rs\/index.php\/wp-json\/wp\/v2\/users\/2"}],"replies":[{"embeddable":true,"href":"https:\/\/centralmedia.rs\/index.php\/wp-json\/wp\/v2\/comments?post=15930"}],"version-history":[{"count":1,"href":"https:\/\/centralmedia.rs\/index.php\/wp-json\/wp\/v2\/posts\/15930\/revisions"}],"predecessor-version":[{"id":15940,"href":"https:\/\/centralmedia.rs\/index.php\/wp-json\/wp\/v2\/posts\/15930\/revisions\/15940"}],"wp:featuredmedia":[{"embeddable":true,"href":"https:\/\/centralmedia.rs\/index.php\/wp-json\/wp\/v2\/media\/15931"}],"wp:attachment":[{"href":"https:\/\/centralmedia.rs\/index.php\/wp-json\/wp\/v2\/media?parent=15930"}],"wp:term":[{"taxonomy":"category","embeddable":true,"href":"https:\/\/centralmedia.rs\/index.php\/wp-json\/wp\/v2\/categories?post=15930"},{"taxonomy":"post_tag","embeddable":true,"href":"https:\/\/centralmedia.rs\/index.php\/wp-json\/wp\/v2\/tags?post=15930"}],"curies":[{"name":"wp","href":"https:\/\/api.w.org\/{rel}","templated":true}]}}