{"id":15978,"date":"2019-01-25T18:29:04","date_gmt":"2019-01-25T18:29:04","guid":{"rendered":"http:\/\/centralmedia.rs\/?p=15978"},"modified":"2019-01-27T13:58:33","modified_gmt":"2019-01-27T13:58:33","slug":"obilazio-pruzni-prelaz-i-naleteo-na-teretni-voz-tesko-povreden-vozac-72-juga-u-drenovcu-kod-paracina","status":"publish","type":"post","link":"https:\/\/centralmedia.rs\/index.php\/2019\/01\/25\/obilazio-pruzni-prelaz-i-naleteo-na-teretni-voz-tesko-povreden-vozac-72-juga-u-drenovcu-kod-paracina\/","title":{"rendered":"OBILAZIO PRU\u017dNI PRELAZ I NALETEO NA TERETNI VOZ &#8211; TE\u0160KO POVRE\u0110EN VOZA\u010c (72) JUGA U DRENOVCU KOD PARA\u0106INA"},"content":{"rendered":"<p>PARA\u0106IN- Voza\u010d (72) juga te\u0161ko je povre\u0111en danas oko 10.45 na pru\u017enom prelazu na me\u0111unarodnoj pruzi u Drenovcu kod Para\u0107ina i odmah je preba\u010den na Odeljenje neurohirurgije Op\u0161te bolnice u \u0106upriji. On je \u00a0poku\u0161avaju\u0107i da obi\u0111e spu\u0161teni polubranik na pru\u017enom prelazu naleteo na me\u0111unarodni teretni voz koji je saobra\u0107ao iz Ma\u0111arske ka Makedoniji.<\/p>\n<p>Pru\u017eni prelaz je bio obezbe\u0111en potrebnom saobra\u0107ajnom signalizacijom koja je radila. Za\u0161to se voza\u010d juga nije zaustavio ispred spu\u0161tenog polubranika i upaljenog crvenog svetla i za\u0161to nije video sa svoje leve strane voz koji nailazi, utvrdi\u0107e se u toku dalje istrage.<\/p>\n","protected":false},"excerpt":{"rendered":"<p>PARA\u0106IN- Voza\u010d (72) juga te\u0161ko je povre\u0111en danas oko 10.45 na pru\u017enom prelazu na me\u0111unarodnoj pruzi u Drenovcu kod Para\u0107ina i odmah je preba\u010den na &hellip; <\/p>\n","protected":false},"author":2,"featured_media":15979,"comment_status":"open","ping_status":"open","sticky":false,"template":"","format":"standard","meta":{"footnotes":""},"categories":[1524,20,2,1516,12],"tags":[988,156,1254],"_links":{"self":[{"href":"https:\/\/centralmedia.rs\/index.php\/wp-json\/wp\/v2\/posts\/15978"}],"collection":[{"href":"https:\/\/centralmedia.rs\/index.php\/wp-json\/wp\/v2\/posts"}],"about":[{"href":"https:\/\/centralmedia.rs\/index.php\/wp-json\/wp\/v2\/types\/post"}],"author":[{"embeddable":true,"href":"https:\/\/centralmedia.rs\/index.php\/wp-json\/wp\/v2\/users\/2"}],"replies":[{"embeddable":true,"href":"https:\/\/centralmedia.rs\/index.php\/wp-json\/wp\/v2\/comments?post=15978"}],"version-history":[{"count":1,"href":"https:\/\/centralmedia.rs\/index.php\/wp-json\/wp\/v2\/posts\/15978\/revisions"}],"predecessor-version":[{"id":15980,"href":"https:\/\/centralmedia.rs\/index.php\/wp-json\/wp\/v2\/posts\/15978\/revisions\/15980"}],"wp:featuredmedia":[{"embeddable":true,"href":"https:\/\/centralmedia.rs\/index.php\/wp-json\/wp\/v2\/media\/15979"}],"wp:attachment":[{"href":"https:\/\/centralmedia.rs\/index.php\/wp-json\/wp\/v2\/media?parent=15978"}],"wp:term":[{"taxonomy":"category","embeddable":true,"href":"https:\/\/centralmedia.rs\/index.php\/wp-json\/wp\/v2\/categories?post=15978"},{"taxonomy":"post_tag","embeddable":true,"href":"https:\/\/centralmedia.rs\/index.php\/wp-json\/wp\/v2\/tags?post=15978"}],"curies":[{"name":"wp","href":"https:\/\/api.w.org\/{rel}","templated":true}]}}