{"id":16005,"date":"2019-01-27T13:37:46","date_gmt":"2019-01-27T13:37:46","guid":{"rendered":"http:\/\/centralmedia.rs\/?p=16005"},"modified":"2019-01-29T10:19:49","modified_gmt":"2019-01-29T10:19:49","slug":"paketi-pomoci-najugrozenijima","status":"publish","type":"post","link":"https:\/\/centralmedia.rs\/index.php\/2019\/01\/27\/paketi-pomoci-najugrozenijima\/","title":{"rendered":"PAKETI POMO\u0106I NAJUGRO\u017dENIJIMA"},"content":{"rendered":"<p>SVILAJNAC- Socijalno osetljive kategorije stanovni\u0161tva tokom vikenda obi\u0161li sekretar Crvenog krsta Svilajnac Neboj\u0161a Milanovi\u0107, v.d. direktor Centra za socijalni rad \u201eSvilajnac\u201c Gordana Gaji\u0107 i v.d. direktor Centra za brigu o porodici Ivana Petrovi\u0107. Korisnicima su uru\u010deni paketi humanitarne pomo\u0107i i po\u010di\u0161\u0107en je sneg u dvori\u0161tima. Korisnici su upoznali nadle\u017ene o svojim problemima.<\/p>\n<div id='gallery-1' class='gallery galleryid-16005 gallery-columns-5 gallery-size-thumbnail'><figure class='gallery-item'>\n\t\t\t<div class='gallery-icon portrait'>\n\t\t\t\t<a href='https:\/\/centralmedia.rs\/index.php\/2019\/01\/27\/paketi-pomoci-najugrozenijima\/centar-za-brigu-o-porodici-1\/'><img loading=\"lazy\" decoding=\"async\" width=\"150\" height=\"150\" src=\"https:\/\/centralmedia.rs\/wp-content\/uploads\/2019\/01\/centar-za-brigu-o-porodici-1-150x150.jpg\" class=\"attachment-thumbnail size-thumbnail\" alt=\"\" \/><\/a>\n\t\t\t<\/div><\/figure><figure class='gallery-item'>\n\t\t\t<div class='gallery-icon landscape'>\n\t\t\t\t<a href='https:\/\/centralmedia.rs\/index.php\/2019\/01\/27\/paketi-pomoci-najugrozenijima\/centar-za-brigu-o-porodici-2\/'><img loading=\"lazy\" decoding=\"async\" width=\"150\" height=\"150\" src=\"https:\/\/centralmedia.rs\/wp-content\/uploads\/2019\/01\/centar-za-brigu-o-porodici-2-150x150.jpg\" class=\"attachment-thumbnail size-thumbnail\" alt=\"\" \/><\/a>\n\t\t\t<\/div><\/figure><figure class='gallery-item'>\n\t\t\t<div class='gallery-icon portrait'>\n\t\t\t\t<a href='https:\/\/centralmedia.rs\/index.php\/2019\/01\/27\/paketi-pomoci-najugrozenijima\/centar-za-brigu-o-porodici-3\/'><img loading=\"lazy\" decoding=\"async\" width=\"150\" height=\"150\" src=\"https:\/\/centralmedia.rs\/wp-content\/uploads\/2019\/01\/centar-za-brigu-o-porodici-3-150x150.jpg\" class=\"attachment-thumbnail size-thumbnail\" alt=\"\" \/><\/a>\n\t\t\t<\/div><\/figure><figure class='gallery-item'>\n\t\t\t<div class='gallery-icon landscape'>\n\t\t\t\t<a href='https:\/\/centralmedia.rs\/index.php\/2019\/01\/27\/paketi-pomoci-najugrozenijima\/centar-za-brigu-o-porodici-4\/'><img loading=\"lazy\" decoding=\"async\" width=\"150\" height=\"150\" src=\"https:\/\/centralmedia.rs\/wp-content\/uploads\/2019\/01\/centar-za-brigu-o-porodici-4-150x150.jpg\" class=\"attachment-thumbnail size-thumbnail\" alt=\"\" \/><\/a>\n\t\t\t<\/div><\/figure><figure class='gallery-item'>\n\t\t\t<div class='gallery-icon landscape'>\n\t\t\t\t<a href='https:\/\/centralmedia.rs\/index.php\/2019\/01\/27\/paketi-pomoci-najugrozenijima\/centar-za-brigu-o-porodici-5\/'><img loading=\"lazy\" decoding=\"async\" width=\"150\" height=\"150\" src=\"https:\/\/centralmedia.rs\/wp-content\/uploads\/2019\/01\/centar-za-brigu-o-porodici-5-150x150.jpg\" class=\"attachment-thumbnail size-thumbnail\" alt=\"\" \/><\/a>\n\t\t\t<\/div><\/figure>\n\t\t<\/div>\n\n","protected":false},"excerpt":{"rendered":"<p>SVILAJNAC- Socijalno osetljive kategorije stanovni\u0161tva tokom vikenda obi\u0161li sekretar Crvenog krsta Svilajnac Neboj\u0161a Milanovi\u0107, v.d. direktor Centra za socijalni rad \u201eSvilajnac\u201c Gordana Gaji\u0107 i v.d. &hellip; <\/p>\n","protected":false},"author":2,"featured_media":16006,"comment_status":"open","ping_status":"open","sticky":false,"template":"","format":"standard","meta":{"footnotes":""},"categories":[14,1524,2,12,1517],"tags":[3461,3462,172,38],"_links":{"self":[{"href":"https:\/\/centralmedia.rs\/index.php\/wp-json\/wp\/v2\/posts\/16005"}],"collection":[{"href":"https:\/\/centralmedia.rs\/index.php\/wp-json\/wp\/v2\/posts"}],"about":[{"href":"https:\/\/centralmedia.rs\/index.php\/wp-json\/wp\/v2\/types\/post"}],"author":[{"embeddable":true,"href":"https:\/\/centralmedia.rs\/index.php\/wp-json\/wp\/v2\/users\/2"}],"replies":[{"embeddable":true,"href":"https:\/\/centralmedia.rs\/index.php\/wp-json\/wp\/v2\/comments?post=16005"}],"version-history":[{"count":1,"href":"https:\/\/centralmedia.rs\/index.php\/wp-json\/wp\/v2\/posts\/16005\/revisions"}],"predecessor-version":[{"id":16012,"href":"https:\/\/centralmedia.rs\/index.php\/wp-json\/wp\/v2\/posts\/16005\/revisions\/16012"}],"wp:featuredmedia":[{"embeddable":true,"href":"https:\/\/centralmedia.rs\/index.php\/wp-json\/wp\/v2\/media\/16006"}],"wp:attachment":[{"href":"https:\/\/centralmedia.rs\/index.php\/wp-json\/wp\/v2\/media?parent=16005"}],"wp:term":[{"taxonomy":"category","embeddable":true,"href":"https:\/\/centralmedia.rs\/index.php\/wp-json\/wp\/v2\/categories?post=16005"},{"taxonomy":"post_tag","embeddable":true,"href":"https:\/\/centralmedia.rs\/index.php\/wp-json\/wp\/v2\/tags?post=16005"}],"curies":[{"name":"wp","href":"https:\/\/api.w.org\/{rel}","templated":true}]}}