{"id":16016,"date":"2019-01-27T13:51:46","date_gmt":"2019-01-27T13:51:46","guid":{"rendered":"http:\/\/centralmedia.rs\/?p=16016"},"modified":"2019-02-01T22:58:45","modified_gmt":"2019-02-01T22:58:45","slug":"svetosavska-akademija-u-svilajncu","status":"publish","type":"post","link":"https:\/\/centralmedia.rs\/index.php\/2019\/01\/27\/svetosavska-akademija-u-svilajncu\/","title":{"rendered":"SVETOSAVSKA AKADEMIJA U SVILAJNCU"},"content":{"rendered":"<p>SVILAJNAC- Svetosavska akademija, proslava koja se svake godine obele\u017eava u slavu velikog srpskog praznika Savindana,odr\u017eana je sino\u0107 u Centru za kulturu u Svilajncu. Op\u0161tina Svilajnac tradicionlno obele\u017eava i slavi ima Svetog Save, koje je nepresu\u0161ni izvor inspiracije, podr\u0161ke, utehe i ponosa na svakom polju na\u0161e delatnosti, a pre svega u prosveti, obrazovanju i kulturi.<\/p>\n<div id='gallery-1' class='gallery galleryid-16016 gallery-columns-5 gallery-size-thumbnail'><figure class='gallery-item'>\n\t\t\t<div class='gallery-icon landscape'>\n\t\t\t\t<a href='https:\/\/centralmedia.rs\/index.php\/2019\/01\/27\/svetosavska-akademija-u-svilajncu\/ss1-2\/'><img loading=\"lazy\" decoding=\"async\" width=\"150\" height=\"150\" src=\"https:\/\/centralmedia.rs\/wp-content\/uploads\/2019\/01\/ss1-150x150.jpg\" class=\"attachment-thumbnail size-thumbnail\" alt=\"\" \/><\/a>\n\t\t\t<\/div><\/figure><figure class='gallery-item'>\n\t\t\t<div class='gallery-icon landscape'>\n\t\t\t\t<a href='https:\/\/centralmedia.rs\/index.php\/2019\/01\/27\/svetosavska-akademija-u-svilajncu\/ss2\/'><img loading=\"lazy\" decoding=\"async\" width=\"150\" height=\"150\" src=\"https:\/\/centralmedia.rs\/wp-content\/uploads\/2019\/01\/ss2-150x150.jpg\" class=\"attachment-thumbnail size-thumbnail\" alt=\"\" \/><\/a>\n\t\t\t<\/div><\/figure><figure class='gallery-item'>\n\t\t\t<div class='gallery-icon landscape'>\n\t\t\t\t<a href='https:\/\/centralmedia.rs\/index.php\/2019\/01\/27\/svetosavska-akademija-u-svilajncu\/ss3\/'><img loading=\"lazy\" decoding=\"async\" width=\"150\" height=\"150\" src=\"https:\/\/centralmedia.rs\/wp-content\/uploads\/2019\/01\/ss3-150x150.jpg\" class=\"attachment-thumbnail size-thumbnail\" alt=\"\" \/><\/a>\n\t\t\t<\/div><\/figure><figure class='gallery-item'>\n\t\t\t<div class='gallery-icon landscape'>\n\t\t\t\t<a href='https:\/\/centralmedia.rs\/index.php\/2019\/01\/27\/svetosavska-akademija-u-svilajncu\/ss4\/'><img loading=\"lazy\" decoding=\"async\" width=\"150\" height=\"150\" src=\"https:\/\/centralmedia.rs\/wp-content\/uploads\/2019\/01\/ss4-150x150.jpg\" class=\"attachment-thumbnail size-thumbnail\" alt=\"\" \/><\/a>\n\t\t\t<\/div><\/figure><figure class='gallery-item'>\n\t\t\t<div class='gallery-icon landscape'>\n\t\t\t\t<a href='https:\/\/centralmedia.rs\/index.php\/2019\/01\/27\/svetosavska-akademija-u-svilajncu\/ss10\/'><img loading=\"lazy\" decoding=\"async\" width=\"150\" height=\"150\" src=\"https:\/\/centralmedia.rs\/wp-content\/uploads\/2019\/01\/ss10-150x150.jpg\" class=\"attachment-thumbnail size-thumbnail\" alt=\"\" \/><\/a>\n\t\t\t<\/div><\/figure>\n\t\t<\/div>\n\n<p>Predsednik op\u0161tine Svilajnac Predrag Milanovi\u0107 \u010destitao je slavu prosvetnim radnicima i podelio Svetosavske zahvalnice ovogodi\u0161njim dobitnicima, koji su od op\u0161tine Svilajnac, osim priznanja dobili i poklon \u010destitku u iznosu od 10.000 dinara. Ove godine Svetosavsku zahvalnicu za doprinos u obrazovanju i kulturi dobili su: KUD \u201eSIN\u0110ELI\u0106\u201c iz Svilajnca, TIJANA JEREMI\u0106 iz Svilajnca, vaspita\u010d Poljoprivredno-veterinarske \u0161kole sa domom u\u010denika \u201eSvilajnac\u201c, ALEKSANDRA NIKOLI\u0106 iz Svilajnca, nastavnik srpskog jezika i knji\u017eevnosti u Srednjoj \u0161koli Svilajnac, MILAN ALEKSI\u0106 iz Ku\u0161iljeva, nastavnik biologije u O\u0160 \u201eJovan Jovanovi\u0107 Zmaj\u201c u Svilajncu, TATJANA BLAGOJEVI\u0106 iz Svilajnca, nastavnik tehnike i tehnologije i informatije i ra\u010dunarstva u O\u0160 \u201eBranko Radi\u010devi\u0107\u201c u Sedlaru, NEVENA OLUJI\u0106 iz Svilajnca, profesor razredne nastave u Osnovnoj \u0161koli \u201eStevan Sin\u0111eli\u0107\u201c u Vojski, SA\u0160A PAVLOVI\u0106 iz Ku\u0161iljeva, nastavnik fizi\u010dkog i zdravstvenog vaspitanja, obaveznih fizi\u010dkih aktivnosti i izabranog sporta u Osnovnoj \u0161koli \u201eVo\u017ed Kara\u0111or\u0111e\u201c u Ku\u0161iljevu, BRANA \u017dIVKOVI\u0106 iz Svilajnca, penzioner, novinar i autor mnogih knjiga o sportu u Svilajncu, KRSTA \u0110OR\u0110EVI\u0106 iz Svilajnca, vaspita\u010d u PU \u201eDe\u010dja radost\u201c u Svilajncu, SONJA NIKOLI\u0106 iz Svilajnca, medicinska sestra-vaspita\u010d u PU \u201eDe\u010dja radost\u201c u Svilajncu, TEODORA KO\u010cI\u0106 iz Svilajnca, u\u010denica IV razreda Srednje \u0161kole \u201eSvilajanc\u201c i MIRJANA VASI\u0106 iz Goloboka, u\u010denica IV razreda Poljoprivredno-veterinarske \u0161kole sa domom u\u010denika \u201eSvilajnac\u201c, smer veterinarski tehni\u010dar. Najbolje u\u010denice srednjih \u0161kola iz Svilajnca dobile su na poklon po laptop od kompanije \u201eVisan\u201c. Svetosavska zahvalnica je priznanje ustanovljeno sa idejom da nagradi rezultate pojedinaca, ali ih podstakne i na dalji rad i trud.<br \/>\nProgram u\u010denika osnovnih i srednjih \u0161kola upotpunio je i nastup orkestra ROCHER.<\/p>\n","protected":false},"excerpt":{"rendered":"<p>SVILAJNAC- Svetosavska akademija, proslava koja se svake godine obele\u017eava u slavu velikog srpskog praznika Savindana,odr\u017eana je sino\u0107 u Centru za kulturu u Svilajncu. Op\u0161tina Svilajnac &hellip; <\/p>\n","protected":false},"author":2,"featured_media":16017,"comment_status":"open","ping_status":"open","sticky":false,"template":"","format":"standard","meta":{"footnotes":""},"categories":[14,1524,2,12,1517],"tags":[339,2596,38],"_links":{"self":[{"href":"https:\/\/centralmedia.rs\/index.php\/wp-json\/wp\/v2\/posts\/16016"}],"collection":[{"href":"https:\/\/centralmedia.rs\/index.php\/wp-json\/wp\/v2\/posts"}],"about":[{"href":"https:\/\/centralmedia.rs\/index.php\/wp-json\/wp\/v2\/types\/post"}],"author":[{"embeddable":true,"href":"https:\/\/centralmedia.rs\/index.php\/wp-json\/wp\/v2\/users\/2"}],"replies":[{"embeddable":true,"href":"https:\/\/centralmedia.rs\/index.php\/wp-json\/wp\/v2\/comments?post=16016"}],"version-history":[{"count":1,"href":"https:\/\/centralmedia.rs\/index.php\/wp-json\/wp\/v2\/posts\/16016\/revisions"}],"predecessor-version":[{"id":16023,"href":"https:\/\/centralmedia.rs\/index.php\/wp-json\/wp\/v2\/posts\/16016\/revisions\/16023"}],"wp:featuredmedia":[{"embeddable":true,"href":"https:\/\/centralmedia.rs\/index.php\/wp-json\/wp\/v2\/media\/16017"}],"wp:attachment":[{"href":"https:\/\/centralmedia.rs\/index.php\/wp-json\/wp\/v2\/media?parent=16016"}],"wp:term":[{"taxonomy":"category","embeddable":true,"href":"https:\/\/centralmedia.rs\/index.php\/wp-json\/wp\/v2\/categories?post=16016"},{"taxonomy":"post_tag","embeddable":true,"href":"https:\/\/centralmedia.rs\/index.php\/wp-json\/wp\/v2\/tags?post=16016"}],"curies":[{"name":"wp","href":"https:\/\/api.w.org\/{rel}","templated":true}]}}