{"id":16024,"date":"2019-01-27T23:50:08","date_gmt":"2019-01-27T23:50:08","guid":{"rendered":"http:\/\/centralmedia.rs\/?p=16024"},"modified":"2019-01-27T23:51:32","modified_gmt":"2019-01-27T23:51:32","slug":"rts-kuhinjski-kalfa-resavska-proja","status":"publish","type":"post","link":"https:\/\/centralmedia.rs\/index.php\/2019\/01\/27\/rts-kuhinjski-kalfa-resavska-proja\/","title":{"rendered":"RTS ,,KUHINJSKI KALFA&#8221; &#8211; RESAVSKA PROJA"},"content":{"rendered":"<p>DESPOTOVAC- U\u010denici kuvarstva Tehi\u010dke \u0161kole u Despotovcu sa profesorom Dejanom Novakovi\u0107em predstavili su \u00a0se u emisiji RTS ,,Kuhinjski kalfa&#8221;. Re\u010d je o takmi\u010denju najboljih \u0161kola u Srbiji koje obrazuju u\u010denike za kuvarstvo. Recept je jednostavan i datira iz 19. veka, projno bra\u0161no iz poto\u010dare, voda i so, serivara se uz jelova\u010dki sir i \u010dvarke od moravke.<\/p>\n<div id='gallery-1' class='gallery galleryid-16024 gallery-columns-3 gallery-size-full'><figure class='gallery-item'>\n\t\t\t<div class='gallery-icon landscape'>\n\t\t\t\t<a href='https:\/\/centralmedia.rs\/index.php\/2019\/01\/27\/rts-kuhinjski-kalfa-resavska-proja\/1-25\/'><img loading=\"lazy\" decoding=\"async\" width=\"1280\" height=\"960\" src=\"https:\/\/centralmedia.rs\/wp-content\/uploads\/2019\/01\/1-2.jpg\" class=\"attachment-full size-full\" alt=\"\" srcset=\"https:\/\/centralmedia.rs\/wp-content\/uploads\/2019\/01\/1-2.jpg 1280w, https:\/\/centralmedia.rs\/wp-content\/uploads\/2019\/01\/1-2-300x225.jpg 300w, https:\/\/centralmedia.rs\/wp-content\/uploads\/2019\/01\/1-2-768x576.jpg 768w, https:\/\/centralmedia.rs\/wp-content\/uploads\/2019\/01\/1-2-1024x768.jpg 1024w, https:\/\/centralmedia.rs\/wp-content\/uploads\/2019\/01\/1-2-560x420.jpg 560w, https:\/\/centralmedia.rs\/wp-content\/uploads\/2019\/01\/1-2-80x60.jpg 80w, https:\/\/centralmedia.rs\/wp-content\/uploads\/2019\/01\/1-2-100x75.jpg 100w, https:\/\/centralmedia.rs\/wp-content\/uploads\/2019\/01\/1-2-180x135.jpg 180w, https:\/\/centralmedia.rs\/wp-content\/uploads\/2019\/01\/1-2-238x178.jpg 238w, https:\/\/centralmedia.rs\/wp-content\/uploads\/2019\/01\/1-2-640x480.jpg 640w, https:\/\/centralmedia.rs\/wp-content\/uploads\/2019\/01\/1-2-681x511.jpg 681w\" sizes=\"(max-width: 1280px) 100vw, 1280px\" \/><\/a>\n\t\t\t<\/div><\/figure><figure class='gallery-item'>\n\t\t\t<div class='gallery-icon landscape'>\n\t\t\t\t<a href='https:\/\/centralmedia.rs\/index.php\/2019\/01\/27\/rts-kuhinjski-kalfa-resavska-proja\/2-22\/'><img loading=\"lazy\" decoding=\"async\" width=\"1280\" height=\"960\" src=\"https:\/\/centralmedia.rs\/wp-content\/uploads\/2019\/01\/2-1.jpg\" class=\"attachment-full size-full\" alt=\"\" srcset=\"https:\/\/centralmedia.rs\/wp-content\/uploads\/2019\/01\/2-1.jpg 1280w, https:\/\/centralmedia.rs\/wp-content\/uploads\/2019\/01\/2-1-300x225.jpg 300w, https:\/\/centralmedia.rs\/wp-content\/uploads\/2019\/01\/2-1-768x576.jpg 768w, https:\/\/centralmedia.rs\/wp-content\/uploads\/2019\/01\/2-1-1024x768.jpg 1024w, https:\/\/centralmedia.rs\/wp-content\/uploads\/2019\/01\/2-1-560x420.jpg 560w, https:\/\/centralmedia.rs\/wp-content\/uploads\/2019\/01\/2-1-80x60.jpg 80w, https:\/\/centralmedia.rs\/wp-content\/uploads\/2019\/01\/2-1-100x75.jpg 100w, https:\/\/centralmedia.rs\/wp-content\/uploads\/2019\/01\/2-1-180x135.jpg 180w, https:\/\/centralmedia.rs\/wp-content\/uploads\/2019\/01\/2-1-238x178.jpg 238w, https:\/\/centralmedia.rs\/wp-content\/uploads\/2019\/01\/2-1-640x480.jpg 640w, https:\/\/centralmedia.rs\/wp-content\/uploads\/2019\/01\/2-1-681x511.jpg 681w\" sizes=\"(max-width: 1280px) 100vw, 1280px\" \/><\/a>\n\t\t\t<\/div><\/figure><figure class='gallery-item'>\n\t\t\t<div class='gallery-icon landscape'>\n\t\t\t\t<a href='https:\/\/centralmedia.rs\/index.php\/2019\/01\/27\/rts-kuhinjski-kalfa-resavska-proja\/3-21\/'><img loading=\"lazy\" decoding=\"async\" width=\"1280\" height=\"960\" src=\"https:\/\/centralmedia.rs\/wp-content\/uploads\/2019\/01\/3.jpg\" class=\"attachment-full size-full\" alt=\"\" srcset=\"https:\/\/centralmedia.rs\/wp-content\/uploads\/2019\/01\/3.jpg 1280w, https:\/\/centralmedia.rs\/wp-content\/uploads\/2019\/01\/3-300x225.jpg 300w, https:\/\/centralmedia.rs\/wp-content\/uploads\/2019\/01\/3-768x576.jpg 768w, https:\/\/centralmedia.rs\/wp-content\/uploads\/2019\/01\/3-1024x768.jpg 1024w, https:\/\/centralmedia.rs\/wp-content\/uploads\/2019\/01\/3-560x420.jpg 560w, https:\/\/centralmedia.rs\/wp-content\/uploads\/2019\/01\/3-80x60.jpg 80w, https:\/\/centralmedia.rs\/wp-content\/uploads\/2019\/01\/3-100x75.jpg 100w, https:\/\/centralmedia.rs\/wp-content\/uploads\/2019\/01\/3-180x135.jpg 180w, https:\/\/centralmedia.rs\/wp-content\/uploads\/2019\/01\/3-238x178.jpg 238w, https:\/\/centralmedia.rs\/wp-content\/uploads\/2019\/01\/3-640x480.jpg 640w, https:\/\/centralmedia.rs\/wp-content\/uploads\/2019\/01\/3-681x511.jpg 681w\" sizes=\"(max-width: 1280px) 100vw, 1280px\" \/><\/a>\n\t\t\t<\/div><\/figure>\n\t\t<\/div>\n\n","protected":false},"excerpt":{"rendered":"<p>DESPOTOVAC- U\u010denici kuvarstva Tehi\u010dke \u0161kole u Despotovcu sa profesorom Dejanom Novakovi\u0107em predstavili su \u00a0se u emisiji RTS ,,Kuhinjski kalfa&#8221;. Re\u010d je o takmi\u010denju najboljih \u0161kola &hellip; <\/p>\n","protected":false},"author":2,"featured_media":16026,"comment_status":"open","ping_status":"open","sticky":false,"template":"","format":"standard","meta":{"footnotes":""},"categories":[1518,1524,2,23,30],"tags":[3463,2414,3464],"_links":{"self":[{"href":"https:\/\/centralmedia.rs\/index.php\/wp-json\/wp\/v2\/posts\/16024"}],"collection":[{"href":"https:\/\/centralmedia.rs\/index.php\/wp-json\/wp\/v2\/posts"}],"about":[{"href":"https:\/\/centralmedia.rs\/index.php\/wp-json\/wp\/v2\/types\/post"}],"author":[{"embeddable":true,"href":"https:\/\/centralmedia.rs\/index.php\/wp-json\/wp\/v2\/users\/2"}],"replies":[{"embeddable":true,"href":"https:\/\/centralmedia.rs\/index.php\/wp-json\/wp\/v2\/comments?post=16024"}],"version-history":[{"count":3,"href":"https:\/\/centralmedia.rs\/index.php\/wp-json\/wp\/v2\/posts\/16024\/revisions"}],"predecessor-version":[{"id":16031,"href":"https:\/\/centralmedia.rs\/index.php\/wp-json\/wp\/v2\/posts\/16024\/revisions\/16031"}],"wp:featuredmedia":[{"embeddable":true,"href":"https:\/\/centralmedia.rs\/index.php\/wp-json\/wp\/v2\/media\/16026"}],"wp:attachment":[{"href":"https:\/\/centralmedia.rs\/index.php\/wp-json\/wp\/v2\/media?parent=16024"}],"wp:term":[{"taxonomy":"category","embeddable":true,"href":"https:\/\/centralmedia.rs\/index.php\/wp-json\/wp\/v2\/categories?post=16024"},{"taxonomy":"post_tag","embeddable":true,"href":"https:\/\/centralmedia.rs\/index.php\/wp-json\/wp\/v2\/tags?post=16024"}],"curies":[{"name":"wp","href":"https:\/\/api.w.org\/{rel}","templated":true}]}}