{"id":16038,"date":"2019-01-28T19:16:34","date_gmt":"2019-01-28T19:16:34","guid":{"rendered":"http:\/\/centralmedia.rs\/?p=16038"},"modified":"2019-01-30T03:00:01","modified_gmt":"2019-01-30T03:00:01","slug":"zavrsena-zgrada-za-12-romskih-porodica-svecano-urucenje-kljuceva-buducim-stanarima","status":"publish","type":"post","link":"https:\/\/centralmedia.rs\/index.php\/2019\/01\/28\/zavrsena-zgrada-za-12-romskih-porodica-svecano-urucenje-kljuceva-buducim-stanarima\/","title":{"rendered":"ZAVR\u0160ENA ZGRADA ZA 12 ROMSKIH PORODICA \u2013 SVE\u010cANO URU\u010cENJE KLJU\u010cEVA BUDU\u0106IM STANARIMA"},"content":{"rendered":"<p>SVILAJNC- U okviru projekta \u201ePobolj\u0161anje uslova \u017eivota u romskim naseljima\u201c zavr\u0161ena je izgradnja objekta za socijalno stanovanje za 12 najugro\u017eenijih romskih porodica naselja \u201eBurdu\u0161 mala\u201c u Svilajncu, a sve\u010dano uru\u010denje klju\u010deva budu\u0107im stanarima bi\u0107e orgaizovano u utorak. Projektom koji je finansirala Evropska Unija, sufinansira Vlada Republike Srbije, realizovalo Ministarstvo gra\u0111evinarstva, saobra\u0107aja i infrastrukture i Ministarstvo finansija \u2013 sektor za ugovaranje i finansiranje programa iz sredstava EU, a na terenu sprovodile organizacija \u201eHelp\u201ci op\u0161tina Svilajnac, izgra\u0111ena je zgrada sa 12 stambenih jedinica opremljena osnovnim name\u0161tajem i ku\u0107nim aparatima ukupne vrednosti\u00a0 276.000 evra. Ovim je re\u0161eno stambeno pitanje za 12 najugro\u017eenijih porodica romsklog naselja \u201cBurdu\u0161 mala\u201d u Svilajncu,\u00a0 a u okviru projekta izgra\u0111eno je I de\u010dije igrali\u0161te vrednosti 5.000 evra.<\/p>\n<p>Op\u0161tina Svilajnac obezbedila je lokaciju za zgradu sa pripadaju\u0107om infrastrukturom \u010dime je pokazala visok stepen odgovornosti za re\u0161avanje izazova svih njenih gra\u0111ana I pokazala primer drugima, kako se na najbolji na\u010din mogu koristiti sredstva Evropske unije.<\/p>\n<p>Uru\u010denju klju\u010deva prisustvova\u0107e i Zoran Laki\u0107evi\u0107, dr\u017eavni sekretar Ministarstva gra\u0111evine, saobra\u0107aja i infrastrukture.<\/p>\n","protected":false},"excerpt":{"rendered":"<p>SVILAJNC- U okviru projekta \u201ePobolj\u0161anje uslova \u017eivota u romskim naseljima\u201c zavr\u0161ena je izgradnja objekta za socijalno stanovanje za 12 najugro\u017eenijih romskih porodica naselja \u201eBurdu\u0161 mala\u201c &hellip; <\/p>\n","protected":false},"author":2,"featured_media":16039,"comment_status":"open","ping_status":"open","sticky":false,"template":"","format":"standard","meta":{"footnotes":""},"categories":[14,1524,2,12,1517],"tags":[1895,3466,38],"_links":{"self":[{"href":"https:\/\/centralmedia.rs\/index.php\/wp-json\/wp\/v2\/posts\/16038"}],"collection":[{"href":"https:\/\/centralmedia.rs\/index.php\/wp-json\/wp\/v2\/posts"}],"about":[{"href":"https:\/\/centralmedia.rs\/index.php\/wp-json\/wp\/v2\/types\/post"}],"author":[{"embeddable":true,"href":"https:\/\/centralmedia.rs\/index.php\/wp-json\/wp\/v2\/users\/2"}],"replies":[{"embeddable":true,"href":"https:\/\/centralmedia.rs\/index.php\/wp-json\/wp\/v2\/comments?post=16038"}],"version-history":[{"count":1,"href":"https:\/\/centralmedia.rs\/index.php\/wp-json\/wp\/v2\/posts\/16038\/revisions"}],"predecessor-version":[{"id":16040,"href":"https:\/\/centralmedia.rs\/index.php\/wp-json\/wp\/v2\/posts\/16038\/revisions\/16040"}],"wp:featuredmedia":[{"embeddable":true,"href":"https:\/\/centralmedia.rs\/index.php\/wp-json\/wp\/v2\/media\/16039"}],"wp:attachment":[{"href":"https:\/\/centralmedia.rs\/index.php\/wp-json\/wp\/v2\/media?parent=16038"}],"wp:term":[{"taxonomy":"category","embeddable":true,"href":"https:\/\/centralmedia.rs\/index.php\/wp-json\/wp\/v2\/categories?post=16038"},{"taxonomy":"post_tag","embeddable":true,"href":"https:\/\/centralmedia.rs\/index.php\/wp-json\/wp\/v2\/tags?post=16038"}],"curies":[{"name":"wp","href":"https:\/\/api.w.org\/{rel}","templated":true}]}}