{"id":16043,"date":"2019-01-30T02:59:43","date_gmt":"2019-01-30T02:59:43","guid":{"rendered":"http:\/\/centralmedia.rs\/?p=16043"},"modified":"2019-02-01T22:57:13","modified_gmt":"2019-02-01T22:57:13","slug":"zavrsena-zgrada-za-12-romskih-porodica-u-burdus-mali-u-svilajncu","status":"publish","type":"post","link":"https:\/\/centralmedia.rs\/index.php\/2019\/01\/30\/zavrsena-zgrada-za-12-romskih-porodica-u-burdus-mali-u-svilajncu\/","title":{"rendered":"ZAVR\u0160ENA ZGRADA ZA 12 ROMSKIH PORODICA U \u201cBURDU\u0160 MALI\u201d U SVILAJNCU"},"content":{"rendered":"<p>SVILAJNAC- 12 romskih porodica naselja \u201cBurdu\u0161 mala\u201d u Svilajncu, koji su do sada \u017eiveli u najlo\u0161ijim uslovima, danas je dobilo klju\u010deve od stanova za socijalno stanovanje i po\u010dinju da se useljavaju u svoje nove domove u okviru projekta \u201ePobolj\u0161anje standarda \u017eivota u romskim naseljima\u201c .\u00a0 Projektom koji je finansirala Evropska unija, sufinansirala Vlada Republike Srbije, realizovalo Ministarstvo gra\u0111evinarstva, saobra\u0107aja i infrastrukture i Ministarstvo finansija, a na terenu sprovodile organizacija \u201eHelp\u201ci op\u0161tina Svilajnac, izgra\u0111ena je zgrada sa 12 stambenih jedinica opremljena osnovnim name\u0161tajem i ku\u0107nim aparatima. Ovim je re\u0161eno stambeno pitanje za ukupno 38 ljudi, od \u010dega je 17 dece,\u00a0 pa je u okviru projekta izgra\u0111eno \u00a0i de\u010dije igrali\u0161te.<\/p>\n<div id='gallery-1' class='gallery galleryid-16043 gallery-columns-2 gallery-size-full'><figure class='gallery-item'>\n\t\t\t<div class='gallery-icon landscape'>\n\t\t\t\t<a href='https:\/\/centralmedia.rs\/index.php\/2019\/01\/30\/zavrsena-zgrada-za-12-romskih-porodica-u-burdus-mali-u-svilajncu\/porodica-selimovic-1\/'><img loading=\"lazy\" decoding=\"async\" width=\"1050\" height=\"700\" src=\"https:\/\/centralmedia.rs\/wp-content\/uploads\/2019\/01\/porodica-Selimovi\u0107-1.jpg\" class=\"attachment-full size-full\" alt=\"\" srcset=\"https:\/\/centralmedia.rs\/wp-content\/uploads\/2019\/01\/porodica-Selimovi\u0107-1.jpg 1050w, https:\/\/centralmedia.rs\/wp-content\/uploads\/2019\/01\/porodica-Selimovi\u0107-1-300x200.jpg 300w, https:\/\/centralmedia.rs\/wp-content\/uploads\/2019\/01\/porodica-Selimovi\u0107-1-768x512.jpg 768w, https:\/\/centralmedia.rs\/wp-content\/uploads\/2019\/01\/porodica-Selimovi\u0107-1-1024x683.jpg 1024w, https:\/\/centralmedia.rs\/wp-content\/uploads\/2019\/01\/porodica-Selimovi\u0107-1-630x420.jpg 630w, https:\/\/centralmedia.rs\/wp-content\/uploads\/2019\/01\/porodica-Selimovi\u0107-1-640x427.jpg 640w, https:\/\/centralmedia.rs\/wp-content\/uploads\/2019\/01\/porodica-Selimovi\u0107-1-681x454.jpg 681w\" sizes=\"(max-width: 1050px) 100vw, 1050px\" \/><\/a>\n\t\t\t<\/div><\/figure><figure class='gallery-item'>\n\t\t\t<div class='gallery-icon landscape'>\n\t\t\t\t<a href='https:\/\/centralmedia.rs\/index.php\/2019\/01\/30\/zavrsena-zgrada-za-12-romskih-porodica-u-burdus-mali-u-svilajncu\/zgrada-sa-12-socijalnih-stanova-za-romske-porodice\/'><img loading=\"lazy\" decoding=\"async\" width=\"1050\" height=\"700\" src=\"https:\/\/centralmedia.rs\/wp-content\/uploads\/2019\/01\/zgrada-sa-12-socijalnih-stanova-za-romske-porodice.jpg\" class=\"attachment-full size-full\" alt=\"\" srcset=\"https:\/\/centralmedia.rs\/wp-content\/uploads\/2019\/01\/zgrada-sa-12-socijalnih-stanova-za-romske-porodice.jpg 1050w, https:\/\/centralmedia.rs\/wp-content\/uploads\/2019\/01\/zgrada-sa-12-socijalnih-stanova-za-romske-porodice-300x200.jpg 300w, https:\/\/centralmedia.rs\/wp-content\/uploads\/2019\/01\/zgrada-sa-12-socijalnih-stanova-za-romske-porodice-768x512.jpg 768w, https:\/\/centralmedia.rs\/wp-content\/uploads\/2019\/01\/zgrada-sa-12-socijalnih-stanova-za-romske-porodice-1024x683.jpg 1024w, https:\/\/centralmedia.rs\/wp-content\/uploads\/2019\/01\/zgrada-sa-12-socijalnih-stanova-za-romske-porodice-630x420.jpg 630w, https:\/\/centralmedia.rs\/wp-content\/uploads\/2019\/01\/zgrada-sa-12-socijalnih-stanova-za-romske-porodice-640x427.jpg 640w, https:\/\/centralmedia.rs\/wp-content\/uploads\/2019\/01\/zgrada-sa-12-socijalnih-stanova-za-romske-porodice-681x454.jpg 681w\" sizes=\"(max-width: 1050px) 100vw, 1050px\" \/><\/a>\n\t\t\t<\/div><\/figure>\n\t\t<\/div>\n\n<p>Klju\u010deve su porodicama uru\u010dili Zoran Laki\u0107evi\u0107, dr\u017eavni sekretar Ministarstva gra\u0111evinarstva, saobra\u0107aja i infrastrukture i Predrag Milanovi\u0107, predsednik op\u0161tine Svilajnac, koji je istakao veliku zahvalnost Evropskoj uniji, organizaciji\u00a0 \u201cHelp\u201d i Vladi Republike Srbije zbog realizacije ovog projekta i re\u0161enja problema dugog vi\u0161e od\u00a0 40 godina:<\/p>\n<p>\u201eDanas smo re\u0161ili vi\u0161edecenijski problem za 12 porodica romske nacionalne manjine. Ovim nismo u potpunosti re\u0161ili problem ovog neuslovnog romskog naselja, ali smo ga re\u0161ili velikim delom. S obzirom da smo \u010duli da Evropska unija planira da nastavi sa ovim projektom, mi \u0107emo sigurno biti spremni za novi konkurs i nastavi\u0107emo sa tim sve dok i poslednja romska porodica ne bude dobila normalne i osnovne uslove za \u017eivot. Osim toga, u nastavku naselja imamo novu industrijsku zonu, gde o\u010dekujemo po\u010detak rada dve nove fabrike, pa je to i \u0161ansa da ovi ljudi dobiju i posao da mogu da \u017eive od svog rada\u201d \u2013 izjavio je Milanovi\u0107.<\/p>\n<p>Predstavnici organizacije \u201cHelp\u201d istakli su da je op\u0161tina Svilajnac obezbedila lokaciju za zgradu sa pripadaju\u0107om infrastrukturom , \u010dime je pokazala visok stepen odgovornosti za re\u0161avanje izazova svih njenih gra\u0111ana i pokazala primer drugima, kako se na najbolji na\u010din mogu koristiti sredstva Evropske unije.<\/p>\n<p>Zoran Laki\u0107evi\u0107, dr\u017eavni sekretar Ministarstva gra\u0111evinarstva, saobra\u0107aja i infrastrukture istakao je da se ovaj projekat finansira\u00a0 iz sredstava IPA2013, u okviru koga je do sada ura\u0111en projekat stanovanja i komunalne infrastrukture u \u0161est gradova i op\u0161tina.<\/p>\n<p>\u0160esto\u010dlana porodica Selimovi\u0107, koju \u010dine majka, otac u \u010detvoro dece jedna je od 12 porodica koji su se danas uselili u novi dom. Ka\u017eu da su prezadovoljni, jer uslovi u kojima su do sada \u017eiveli nisu bili dostojni \u010doveka.<\/p>\n","protected":false},"excerpt":{"rendered":"<p>SVILAJNAC- 12 romskih porodica naselja \u201cBurdu\u0161 mala\u201d u Svilajncu, koji su do sada \u017eiveli u najlo\u0161ijim uslovima, danas je dobilo klju\u010deve od stanova za socijalno &hellip; <\/p>\n","protected":false},"author":2,"featured_media":16044,"comment_status":"open","ping_status":"open","sticky":false,"template":"","format":"standard","meta":{"footnotes":""},"categories":[14,1524,2,12,1517],"tags":[1895,3466,38],"_links":{"self":[{"href":"https:\/\/centralmedia.rs\/index.php\/wp-json\/wp\/v2\/posts\/16043"}],"collection":[{"href":"https:\/\/centralmedia.rs\/index.php\/wp-json\/wp\/v2\/posts"}],"about":[{"href":"https:\/\/centralmedia.rs\/index.php\/wp-json\/wp\/v2\/types\/post"}],"author":[{"embeddable":true,"href":"https:\/\/centralmedia.rs\/index.php\/wp-json\/wp\/v2\/users\/2"}],"replies":[{"embeddable":true,"href":"https:\/\/centralmedia.rs\/index.php\/wp-json\/wp\/v2\/comments?post=16043"}],"version-history":[{"count":2,"href":"https:\/\/centralmedia.rs\/index.php\/wp-json\/wp\/v2\/posts\/16043\/revisions"}],"predecessor-version":[{"id":16048,"href":"https:\/\/centralmedia.rs\/index.php\/wp-json\/wp\/v2\/posts\/16043\/revisions\/16048"}],"wp:featuredmedia":[{"embeddable":true,"href":"https:\/\/centralmedia.rs\/index.php\/wp-json\/wp\/v2\/media\/16044"}],"wp:attachment":[{"href":"https:\/\/centralmedia.rs\/index.php\/wp-json\/wp\/v2\/media?parent=16043"}],"wp:term":[{"taxonomy":"category","embeddable":true,"href":"https:\/\/centralmedia.rs\/index.php\/wp-json\/wp\/v2\/categories?post=16043"},{"taxonomy":"post_tag","embeddable":true,"href":"https:\/\/centralmedia.rs\/index.php\/wp-json\/wp\/v2\/tags?post=16043"}],"curies":[{"name":"wp","href":"https:\/\/api.w.org\/{rel}","templated":true}]}}