{"id":16058,"date":"2019-01-31T16:27:26","date_gmt":"2019-01-31T16:27:26","guid":{"rendered":"http:\/\/centralmedia.rs\/?p=16058"},"modified":"2019-02-01T12:11:19","modified_gmt":"2019-02-01T12:11:19","slug":"otpusteni-preko-fejsa-organizuju-u-petak-protest-u-paracinu","status":"publish","type":"post","link":"https:\/\/centralmedia.rs\/index.php\/2019\/01\/31\/otpusteni-preko-fejsa-organizuju-u-petak-protest-u-paracinu\/","title":{"rendered":",,OTPU\u0160TENI PREKO FEJSA&#8221; ORGANIZUJU U PETAK PROTEST U PARA\u0106INU"},"content":{"rendered":"<p>PARA\u0106IN- ,,OTPU\u0160TENI PREKO FEJSA&#8221; pozvali su danas gra\u0111ane Para\u0107ina na ,,PROTEST&#8221; povodom otpu\u0161tanja 230 radnika Srpske fabrike stakla otvaranjem la\u017enog ste\u010daja. Oni su tako\u0111e nezadovoljni odlukama Apelacionog suda koji preina\u010dio odluku Osnovnog suda o povratku radnika na posao. Protest \u0107e biti odr\u017ean u petak 1. februara od 18 sati u centru Para\u0107ina.<\/p>\n","protected":false},"excerpt":{"rendered":"<p>PARA\u0106IN- ,,OTPU\u0160TENI PREKO FEJSA&#8221; pozvali su danas gra\u0111ane Para\u0107ina na ,,PROTEST&#8221; povodom otpu\u0161tanja 230 radnika Srpske fabrike stakla otvaranjem la\u017enog ste\u010daja. Oni su tako\u0111e nezadovoljni &hellip; <\/p>\n","protected":false},"author":2,"featured_media":11458,"comment_status":"open","ping_status":"open","sticky":false,"template":"","format":"standard","meta":{"footnotes":""},"categories":[14,1524,2,1516,12],"tags":[156,523,158],"_links":{"self":[{"href":"https:\/\/centralmedia.rs\/index.php\/wp-json\/wp\/v2\/posts\/16058"}],"collection":[{"href":"https:\/\/centralmedia.rs\/index.php\/wp-json\/wp\/v2\/posts"}],"about":[{"href":"https:\/\/centralmedia.rs\/index.php\/wp-json\/wp\/v2\/types\/post"}],"author":[{"embeddable":true,"href":"https:\/\/centralmedia.rs\/index.php\/wp-json\/wp\/v2\/users\/2"}],"replies":[{"embeddable":true,"href":"https:\/\/centralmedia.rs\/index.php\/wp-json\/wp\/v2\/comments?post=16058"}],"version-history":[{"count":1,"href":"https:\/\/centralmedia.rs\/index.php\/wp-json\/wp\/v2\/posts\/16058\/revisions"}],"predecessor-version":[{"id":16059,"href":"https:\/\/centralmedia.rs\/index.php\/wp-json\/wp\/v2\/posts\/16058\/revisions\/16059"}],"wp:featuredmedia":[{"embeddable":true,"href":"https:\/\/centralmedia.rs\/index.php\/wp-json\/wp\/v2\/media\/11458"}],"wp:attachment":[{"href":"https:\/\/centralmedia.rs\/index.php\/wp-json\/wp\/v2\/media?parent=16058"}],"wp:term":[{"taxonomy":"category","embeddable":true,"href":"https:\/\/centralmedia.rs\/index.php\/wp-json\/wp\/v2\/categories?post=16058"},{"taxonomy":"post_tag","embeddable":true,"href":"https:\/\/centralmedia.rs\/index.php\/wp-json\/wp\/v2\/tags?post=16058"}],"curies":[{"name":"wp","href":"https:\/\/api.w.org\/{rel}","templated":true}]}}