{"id":16060,"date":"2019-02-01T12:03:12","date_gmt":"2019-02-01T12:03:12","guid":{"rendered":"http:\/\/centralmedia.rs\/?p=16060"},"modified":"2019-02-06T10:54:19","modified_gmt":"2019-02-06T10:54:19","slug":"saopstenje-opstinskog-odbora-socijalisticke-partije-srbije-paracin-napadi-na-clanove-sps","status":"publish","type":"post","link":"https:\/\/centralmedia.rs\/index.php\/2019\/02\/01\/saopstenje-opstinskog-odbora-socijalisticke-partije-srbije-paracin-napadi-na-clanove-sps\/","title":{"rendered":"SAOP\u0160TENjE OP\u0160TINSKOG ODBORA SOCIJALISTI\u010cKE PARTIJE SRBIJE PARA\u0106IN &#8211; Napadi na \u010dlanove SPS"},"content":{"rendered":"<p>PARA\u0106IN- Socijalisti\u010dka partija Srbije je politi\u010dka organizacija koja je tokom prethodne godine u nekoliko navrata pozivala na smirivanje tenzija izme\u0111u politi\u010dkih \u010dinioca u op\u0161tini Para\u0107in i upozoravala na posledice nasilne retorike i nasilnog pona\u0161anja kao vid politi\u010dke borbe. Tokom prethodnog dana nepoznata lica su nanela veliku \u0161tetu na porodi\u010dnom automobilu predsedniku op\u0161tinskog odbora Socijalisti\u010dke partije Srbije. U trenutku ovog vandalskog \u010dina, automobil je bio parkiran ispred ku\u0107e, a u ku\u0107i su se nalazila deca, \u017eena i roditelji predsednika OO SPS Milana Markovi\u0107a.<\/p>\n<p>Slu\u010dajno ili ne, bez \u017eelje da se upli\u0107emo u rad dr\u017eavnih organa i donosimo zaklju\u010dke, ne\u0161to ranije, istog dana, desio se jo\u0161 jedan incident ispred prostorija OO SPS, kada su dva lica napala koleginicu i \u010dlanicu GO SPS uz vulgarno dobacivanje, a kroz prozor kancelarije iste koleginice ubacili nekoliko grudvi snega.<\/p>\n<p>Mi\u0161ljenja smo da ovi doga\u0111aji nisu bili slu\u010dajni i spontani i da je ovo o\u010digledan poku\u0161aj zastra\u0161ivanja \u010dlanova OO Socijalisti\u010dke partije Srbije. Nekome o\u010digledno smeta politi\u010dka aktivnost i delovanje Socijalisti\u010dke partije Srbije u Para\u0107inu, poku\u0161aj da se lokalna politika vodi na jedan ispravan na\u010din, bez jeftinih politi\u010dkih poena i svrstavanja na bilo \u010diju stranu, osim na stranu gra\u0111ana Para\u0107ina. Za sve one koji su ovo organizovali ili sproveli imamo poruku: Niste nas upla\u0161ili i plan vam nije uspeo! Ova situacija nam je potvrdila da radimo pravu stvar i da smo na pravom putu, putu za pristojniji, bolji i zdraviji Para\u0107in!<\/p>\n<p>Ovo se de\u0161ava na dan kada je pre 75 godina po\u010dinjen najve\u0107i politi\u010dki zlo\u010din, kada je 12-oro ljudi ubijeno samo zato jer su imali druga\u010dije mi\u0161ljenje. Ne \u017eelimo da upore\u0111ujemo ove doga\u0111aje sa ju\u010dera\u0161njim, ali se stvara atmosfera u kojoj je u cilju politi\u010dke borbe potpuno legitimno polomiti ne\u010dija kola, napasti i javno vre\u0111ati \u017eenu&#8230; Pitamo se koji je slede\u0107i korak?<\/p>\n<p>Mi se svakako ne\u0107emo spu\u0161tati na taj nivo. Nadamo se da \u0107e nadle\u017eni organi prona\u0107i po\u010dinioce i nalogodavce, a ovim putem \u017eelimo da pozovemo sve politi\u010dke \u010dinioce da se ograde i osude ovaj nasilni\u010dki i vandalski \u010din. Jo\u0161 jednom skre\u0107emo pa\u017enju na politi\u010dku korektnost i na pona\u0161anje politi\u010dkih aktera. Atmosfera koja se stvara nije dobra ni za koga, a naro\u010dito ne za gra\u0111ane Para\u0107ina \u010dije interese treba da zastupamo.<\/p>\n<p>S&#8217; po\u0161tovanjem,<\/p>\n<p>Op\u0161tinski odbor Socijalisti\u010dke partije Srbije Para\u0107in<\/p>\n","protected":false},"excerpt":{"rendered":"<p>PARA\u0106IN- Socijalisti\u010dka partija Srbije je politi\u010dka organizacija koja je tokom prethodne godine u nekoliko navrata pozivala na smirivanje tenzija izme\u0111u politi\u010dkih \u010dinioca u op\u0161tini Para\u0107in &hellip; <\/p>\n","protected":false},"author":2,"featured_media":2806,"comment_status":"open","ping_status":"open","sticky":false,"template":"","format":"standard","meta":{"footnotes":""},"categories":[1524,2,1516,13,12],"tags":[3468,156,406],"_links":{"self":[{"href":"https:\/\/centralmedia.rs\/index.php\/wp-json\/wp\/v2\/posts\/16060"}],"collection":[{"href":"https:\/\/centralmedia.rs\/index.php\/wp-json\/wp\/v2\/posts"}],"about":[{"href":"https:\/\/centralmedia.rs\/index.php\/wp-json\/wp\/v2\/types\/post"}],"author":[{"embeddable":true,"href":"https:\/\/centralmedia.rs\/index.php\/wp-json\/wp\/v2\/users\/2"}],"replies":[{"embeddable":true,"href":"https:\/\/centralmedia.rs\/index.php\/wp-json\/wp\/v2\/comments?post=16060"}],"version-history":[{"count":1,"href":"https:\/\/centralmedia.rs\/index.php\/wp-json\/wp\/v2\/posts\/16060\/revisions"}],"predecessor-version":[{"id":16061,"href":"https:\/\/centralmedia.rs\/index.php\/wp-json\/wp\/v2\/posts\/16060\/revisions\/16061"}],"wp:featuredmedia":[{"embeddable":true,"href":"https:\/\/centralmedia.rs\/index.php\/wp-json\/wp\/v2\/media\/2806"}],"wp:attachment":[{"href":"https:\/\/centralmedia.rs\/index.php\/wp-json\/wp\/v2\/media?parent=16060"}],"wp:term":[{"taxonomy":"category","embeddable":true,"href":"https:\/\/centralmedia.rs\/index.php\/wp-json\/wp\/v2\/categories?post=16060"},{"taxonomy":"post_tag","embeddable":true,"href":"https:\/\/centralmedia.rs\/index.php\/wp-json\/wp\/v2\/tags?post=16060"}],"curies":[{"name":"wp","href":"https:\/\/api.w.org\/{rel}","templated":true}]}}